{"id":148284,"date":"2023-01-17T13:44:21","date_gmt":"2023-01-17T10:14:21","guid":{"rendered":"https:\/\/www.scfr.ir\/sin-categorizar\/148284\/la-perspectiva-de-la-celebracion-de-la-cumbre-del-negev-en-marruecos\/"},"modified":"2023-01-17T13:44:21","modified_gmt":"2023-01-17T10:14:21","slug":"la-perspectiva-de-la-celebracion-de-la-cumbre-del-negev-en-marruecos","status":"publish","type":"post","link":"https:\/\/scfr.ir\/es\/103-es\/148284\/la-perspectiva-de-la-celebracion-de-la-cumbre-del-negev-en-marruecos\/","title":{"rendered":"La perspectiva de la celebraci\u00f3n de la \u201cCumbre del Negev\u201d en Marruecos"},"content":{"rendered":"<p>En una conversaci\u00f3n con el sitio web del Consejo Estrat\u00e9gico de Relaciones Exteriores, Ali Abdi, al referirse a los esfuerzos de algunos pa\u00edses de la regi\u00f3n para celebrar la \u201cCumbre del Negev\u201d en Marruecos con la participaci\u00f3n de Marruecos, Egipto, Emiratos \u00c1rabes Unidos y Bar\u00e9in, aclar\u00f3: \u201cEsta cumbre es una continuaci\u00f3n de la cumbre que se llev\u00f3 a cabo hace meses y durante el gobierno de Lapid-Bennett y se plane\u00f3 en base a crear una especie de convergencia regional contra la Rep\u00fablica Isl\u00e1mica de Ir\u00e1n y el Eje de la Resistencia. Ellos est\u00e1n tratando de crear una base para la formaci\u00f3n de una coalici\u00f3n regional, especialmente en el aspecto militar y de seguridad, en torno al eje de confrontar a Ir\u00e1n y sus aliados en la regi\u00f3n\u201d.<\/p>\n<p>Afirm\u00f3 que los reg\u00edmenes que m\u00e1s confrontaci\u00f3n tienen con Ir\u00e1n en la regi\u00f3n, tienen un papel central en la realizaci\u00f3n de esta cumbre y agreg\u00f3: \u201cEstados Unidos, como superpotencia que interviene en la regi\u00f3n, el r\u00e9gimen sionista, Emiratos \u00c1rabes Unidos, Egipto, Bar\u00e9in y Marruecos est\u00e1n activos en este sentido y se esfuerzan por llevar a Jordania a esta cumbre tambi\u00e9n; Por supuesto, es muy deseable que puedan incluir a Irak en este grupo. Entre estos pa\u00edses, los Emiratos \u00c1rabes Unidos tambi\u00e9n juegan un papel destacado\u201d.<\/p>\n<p>Refiri\u00e9ndose a las posiciones oficiales de estos pa\u00edses con respecto a los objetivos de realizar tales cumbres, este analista de temas de Asia Occidental dijo: \u201cCuando se plante\u00f3 el tema sobre la creaci\u00f3n de la \u00abOTAN \u00e1rabe\u00bb o la \u00abOTAN regional\u00bb contra Ir\u00e1n, algunos funcionarios de estos pa\u00edses, incluido el rey de Jordania, lo negaron, pero al implementar la defensa a\u00e9rea integrada contra el poder de misiles y drones de Ir\u00e1n, los Emiratos \u00c1rabes Unidos compr\u00f3 alrededor de tres sistemas de defensa a\u00e9rea \u00abBarak 8\u00bb del r\u00e9gimen sionista y los despleg\u00f3 en sus bases a\u00e9reas. Por lo tanto, las negociaciones en la pr\u00f3xima Cumbre del Negev se llevar\u00e1n a cabo en la misma direcci\u00f3n\u201d.<\/p>\n<p>Abdi afirm\u00f3 que el principal partidario de celebrar la pr\u00f3xima Cumbre de Negev es el gobierno de Biden y esto est\u00e1 dentro del marco de sus pol\u00edticas y continu\u00f3: \u201cEs deseable para los Estados Unidos que m\u00e1s all\u00e1 de los campos militares y de seguridad, la cooperaci\u00f3n en los campos econ\u00f3micos, diplom\u00e1ticos y de la tecnolog\u00eda sea m\u00e1s discutida y ampliada entre los pa\u00edses presentes en estas negociaciones, y estos pa\u00edses deben estar en plena conexi\u00f3n regional y confrontar a Ir\u00e1n y sus aliados regionales en esas \u00e1reas\u201d.<\/p>\n<p>Al explicar las declaraciones de un funcionario estadounidense quien hab\u00eda dicho que con el objetivo de frenar las pol\u00edticas extremas del nuevo gabinete del r\u00e9gimen sionista liderado por Netanyahu, Estados Unidos pretende realizar una reuni\u00f3n conjunta con la presencia de los ministros de Asuntos Exteriores de Tel Aviv y los cuatro pa\u00edses \u00e1rabes que han tratado de normalizar las relaciones (con Israel), continu\u00f3: \u201cHay muchas variables con respecto a la perspectiva de los logros de la Cumbre de Negev. El nuevo gobierno del r\u00e9gimen sionista es m\u00e1s extremo que el gobierno anterior, y ha tomado ciertas medidas en este sentido y en estos primeros d\u00edas, entre ellas la visita de \u00abBen-Gvir\u00bb al \u00abMonte del Templo\u00bb en Jerusal\u00e9n Este, que tambi\u00e9n provoc\u00f3 la condena del Consejo de Seguridad de las Naciones Unidas\u201d.<\/p>\n<p>Abdi agreg\u00f3: \u201cEste acto de Ben-Gvir fue descrito como provocativo y caus\u00f3 importantes reacciones palestinas y \u00e1rabes. Incluso pa\u00edses como los Emiratos \u00c1rabes Unidos, que tienen v\u00ednculos muy complejos y profundos con Israel, han emitido comunicados condenando la medida. Por lo tanto, si este gobierno quiere seguir as\u00ed, definitivamente causar\u00e1 serios desaf\u00edos para planes como la formaci\u00f3n de la OTAN \u00e1rabe. De hecho, si el gobierno de Netanyahu quiere permitir que figuras radicales como Ben-Gvir act\u00faen como quieran en el campo de la pol\u00edtica exterior, tendr\u00e1 consecuencias en las coaliciones regionales\u201d.<\/p>\n<p>Tambi\u00e9n enfatiz\u00f3: \u201cLos reg\u00edmenes que han normalizado sus relaciones con Israel o est\u00e1n tratando de establecer relaciones abiertas y secretas con \u00e9l, al menos deber\u00edan poder convencer a la opini\u00f3n p\u00fablica de su pueblo. Aunque estos reg\u00edmenes son generalmente autocr\u00e1ticos o semi-autocr\u00e1ticos, se ven obligados a tener en cuenta algunas cosas m\u00ednimas. En este sentido, somos y seremos testigos de desaf\u00edos para Estados Unidos en sus relaciones con Israel. Tambi\u00e9n veremos desaf\u00edos en los planes de Arabia Saud\u00ed, los Emiratos \u00c1rabes Unidos e incluso Turqu\u00eda para tener relaciones con este r\u00e9gimen. Este enfoque tendr\u00e1 un impacto en las pol\u00edticas de Rusia y China. Ciertamente, la suma de estos temas hace que la realizaci\u00f3n de esta coalici\u00f3n enfrente muchas ambig\u00fcedades\u201d.<\/p>\n<p>Este experto en temas de Asia Occidental afirm\u00f3 que elegir al r\u00e9gimen de ocupaci\u00f3n sionista como l\u00edder de la nueva coalici\u00f3n regional con presencia de pa\u00edses \u00e1rabes es un error estrat\u00e9gico muy grande. Continu\u00f3: \u201cHay fuertes discrepancias entre estos pa\u00edses y tienen muchos problemas en sus relaciones, y si no fuera por los esfuerzos de Estados Unidos e Israel para crear una coalici\u00f3n contra Ir\u00e1n, estos pa\u00edses \u00e1rabes nunca podr\u00edan tener tal entendimiento entre s\u00ed. Lamentablemente, algunos de estos pa\u00edses han puesto su enfoque regional en \u201ctener conflicto con Ir\u00e1n\u201d y no se puede ignorarlo. Estados Unidos ahora tambi\u00e9n est\u00e1 tratando de aprovechar el enfoque de \u00abiranofobia\u00bb que se ha alimentado e intensificado en esta regi\u00f3n durante al menos las \u00faltimas dos d\u00e9cadas\u201d.<\/p>\n<p>Abdi afirm\u00f3 que, desafortunadamente, el enfoque de la iranofobia se ha intensificado en algunos pa\u00edses \u00e1rabes y se\u00f1al\u00f3: \u201cEl aparato diplom\u00e1tico de Ir\u00e1n, especialmente en el campo de la diplomacia p\u00fablica, no ha sido capaz de lidiar bien con esta pol\u00edtica y debe tener un \u00a0dise\u00f1o eficaz y nuevo.<\/p>\n<p>Este experto en temas de Asia Occidental, al enfatizar la necesidad de la vigilancia de Ir\u00e1n para hacer frente a estos planes y considerar las medidas necesarias para diferentes escenarios, dijo: \u201cLa posibilidad de la formaci\u00f3n de una coalici\u00f3n regional de este tipo y la implementaci\u00f3n de lo que buscan en las negociaciones de Negev no es f\u00e1cil de alcanzar, esto por muchas razones, incluidas las profundas diferencias de los pa\u00edses \u00e1rabes y sus intereses opuestos, as\u00ed como sus conflictos con el r\u00e9gimen sionista. Adem\u00e1s, la formaci\u00f3n de un nuevo gobierno extremista en Israel se ha sumado a los desaf\u00edos existentes\u201d.<\/p>\n","protected":false},"excerpt":{"rendered":"<p>Consejo Estrat\u00e9gico en L\u00ednea, entrevista: Un experto en temas de Asia Occidental afirm\u00f3 que la selecci\u00f3n del r\u00e9gimen de ocupaci\u00f3n sionista como l\u00edder de una nueva alianza regional con la presencia de pa\u00edses \u00e1rabes es un error estrat\u00e9gico muy grande y dijo: \u201cLa posibilidad de la formaci\u00f3n de una coalici\u00f3n regional y la implementaci\u00f3n de lo que buscan en las negociaciones de Negev no es f\u00e1cil por muchas razones, incluidas las profundas diferencias de los pa\u00edses \u00e1rabes y sus intereses opuestos, as\u00ed como sus conflictos con el r\u00e9gimen sionista. Adem\u00e1s la formaci\u00f3n de un nuevo gobierno extremista en Israel se ha sumado a los desaf\u00edos existentes\u201d.<\/p>\n","protected":false},"author":5,"featured_media":148103,"comment_status":"open","ping_status":"open","sticky":false,"template":"","format":"standard","meta":{"_et_pb_use_builder":"","_et_pb_old_content":"","_et_gb_content_width":"","footnotes":""},"categories":[37699,37694,37703],"tags":[37793,37791,37772,37792,37759,37770,37796,37790,37795,37794,37789,37797,37758],"class_list":["post-148284","post","type-post","status-publish","format-standard","has-post-thumbnail","hentry","category-30102-es","category-103-es","category-10-es","tag-barein","tag-china-es","tag-egipto","tag-emiratos-arabes-unidos","tag-america","tag-iran-es","tag-iran-fobia","tag-israel-es-2","tag-marruecos","tag-palestina","tag-israel-es","tag-reunion-de-negev","tag-rusia"],"yoast_head":"<!-- This site is optimized with the Yoast SEO plugin v28.1 - https:\/\/yoast.com\/product\/yoast-seo-wordpress\/ -->\n<title>La perspectiva de la celebraci\u00f3n de la \u201cCumbre del Negev\u201d en Marruecos - Consejo Estrat\u00e9gico de Relaciones Exteriores<\/title>\n<meta name=\"robots\" content=\"index, follow, max-snippet:-1, max-image-preview:large, max-video-preview:-1\" \/>\n<link rel=\"canonical\" href=\"https:\/\/scfr.ir\/es\/103-es\/148284\/la-perspectiva-de-la-celebracion-de-la-cumbre-del-negev-en-marruecos\/\" \/>\n<script type=\"application\/ld+json\" class=\"yoast-schema-graph\">{\"@context\":\"https:\\\/\\\/schema.org\",\"@graph\":[{\"@type\":\"Article\",\"@id\":\"https:\\\/\\\/scfr.ir\\\/es\\\/103-es\\\/148284\\\/la-perspectiva-de-la-celebracion-de-la-cumbre-del-negev-en-marruecos\\\/#article\",\"isPartOf\":{\"@id\":\"https:\\\/\\\/scfr.ir\\\/es\\\/103-es\\\/148284\\\/la-perspectiva-de-la-celebracion-de-la-cumbre-del-negev-en-marruecos\\\/\"},\"author\":{\"name\":\"\u062c\u0648\u0627\u062f \u0645\u062f\u062f\u06cc\",\"@id\":\"https:\\\/\\\/scfr.ir\\\/fa\\\/#\\\/schema\\\/person\\\/35df72a1a82f18cf1cb487d0c5afdb26\"},\"headline\":\"La perspectiva de la celebraci\u00f3n de la \u201cCumbre del Negev\u201d en Marruecos\",\"datePublished\":\"2023-01-17T10:14:21+00:00\",\"mainEntityOfPage\":{\"@id\":\"https:\\\/\\\/scfr.ir\\\/es\\\/103-es\\\/148284\\\/la-perspectiva-de-la-celebracion-de-la-cumbre-del-negev-en-marruecos\\\/\"},\"wordCount\":1161,\"commentCount\":0,\"publisher\":{\"@id\":\"https:\\\/\\\/scfr.ir\\\/fa\\\/#organization\"},\"image\":{\"@id\":\"https:\\\/\\\/scfr.ir\\\/es\\\/103-es\\\/148284\\\/la-perspectiva-de-la-celebracion-de-la-cumbre-del-negev-en-marruecos\\\/#primaryimage\"},\"thumbnailUrl\":\"https:\\\/\\\/scfr.ir\\\/wp-content\\\/uploads\\\/2023\\\/01\\\/\u0647\u0639.jpg\",\"keywords\":[\"Bar\u00e9in\",\"China\",\"Egipto\",\"Emiratos \u00c1rabes Unidos\",\"Estados Unidos\",\"Ir\u00e1n\",\"Ir\u00e1n fobia\",\"Israel\",\"Marruecos\",\"Palestina\",\"R\u00e9gimen sionista\",\"Reuni\u00f3n de Negev\",\"Rusia\"],\"articleSection\":[\"Entrevista\",\"Pol\u00edtica\",\"top news\"],\"inLanguage\":\"es\",\"potentialAction\":[{\"@type\":\"CommentAction\",\"name\":\"Comment\",\"target\":[\"https:\\\/\\\/scfr.ir\\\/es\\\/103-es\\\/148284\\\/la-perspectiva-de-la-celebracion-de-la-cumbre-del-negev-en-marruecos\\\/#respond\"]}]},{\"@type\":\"WebPage\",\"@id\":\"https:\\\/\\\/scfr.ir\\\/es\\\/103-es\\\/148284\\\/la-perspectiva-de-la-celebracion-de-la-cumbre-del-negev-en-marruecos\\\/\",\"url\":\"https:\\\/\\\/scfr.ir\\\/es\\\/103-es\\\/148284\\\/la-perspectiva-de-la-celebracion-de-la-cumbre-del-negev-en-marruecos\\\/\",\"name\":\"La perspectiva de la celebraci\u00f3n de la \u201cCumbre del Negev\u201d en Marruecos - Consejo Estrat\u00e9gico de Relaciones Exteriores\",\"isPartOf\":{\"@id\":\"https:\\\/\\\/scfr.ir\\\/fa\\\/#website\"},\"primaryImageOfPage\":{\"@id\":\"https:\\\/\\\/scfr.ir\\\/es\\\/103-es\\\/148284\\\/la-perspectiva-de-la-celebracion-de-la-cumbre-del-negev-en-marruecos\\\/#primaryimage\"},\"image\":{\"@id\":\"https:\\\/\\\/scfr.ir\\\/es\\\/103-es\\\/148284\\\/la-perspectiva-de-la-celebracion-de-la-cumbre-del-negev-en-marruecos\\\/#primaryimage\"},\"thumbnailUrl\":\"https:\\\/\\\/scfr.ir\\\/wp-content\\\/uploads\\\/2023\\\/01\\\/\u0647\u0639.jpg\",\"datePublished\":\"2023-01-17T10:14:21+00:00\",\"breadcrumb\":{\"@id\":\"https:\\\/\\\/scfr.ir\\\/es\\\/103-es\\\/148284\\\/la-perspectiva-de-la-celebracion-de-la-cumbre-del-negev-en-marruecos\\\/#breadcrumb\"},\"inLanguage\":\"es\",\"potentialAction\":[{\"@type\":\"ReadAction\",\"target\":[\"https:\\\/\\\/scfr.ir\\\/es\\\/103-es\\\/148284\\\/la-perspectiva-de-la-celebracion-de-la-cumbre-del-negev-en-marruecos\\\/\"]}]},{\"@type\":\"ImageObject\",\"inLanguage\":\"es\",\"@id\":\"https:\\\/\\\/scfr.ir\\\/es\\\/103-es\\\/148284\\\/la-perspectiva-de-la-celebracion-de-la-cumbre-del-negev-en-marruecos\\\/#primaryimage\",\"url\":\"https:\\\/\\\/scfr.ir\\\/wp-content\\\/uploads\\\/2023\\\/01\\\/\u0647\u0639.jpg\",\"contentUrl\":\"https:\\\/\\\/scfr.ir\\\/wp-content\\\/uploads\\\/2023\\\/01\\\/\u0647\u0639.jpg\",\"width\":908,\"height\":510},{\"@type\":\"BreadcrumbList\",\"@id\":\"https:\\\/\\\/scfr.ir\\\/es\\\/103-es\\\/148284\\\/la-perspectiva-de-la-celebracion-de-la-cumbre-del-negev-en-marruecos\\\/#breadcrumb\",\"itemListElement\":[{\"@type\":\"ListItem\",\"position\":1,\"name\":\"\",\"item\":\"https:\\\/\\\/scfr.ir\\\/es\\\/\"},{\"@type\":\"ListItem\",\"position\":2,\"name\":\"\u0646\u0645\u0627\u06cc \u0631\u0627\u0647\u0628\u0631\u062f\u06cc\",\"item\":\"https:\\\/\\\/scfr.ir\\\/fa\\\/category\\\/300\\\/\"},{\"@type\":\"ListItem\",\"position\":3,\"name\":\"\u06af\u0641\u062a\u06af\u0648\",\"item\":\"https:\\\/\\\/scfr.ir\\\/fa\\\/category\\\/300\\\/30102\\\/\"},{\"@type\":\"ListItem\",\"position\":4,\"name\":\"La perspectiva de la celebraci\u00f3n de la \u201cCumbre del Negev\u201d en Marruecos\"}]},{\"@type\":\"WebSite\",\"@id\":\"https:\\\/\\\/scfr.ir\\\/fa\\\/#website\",\"url\":\"https:\\\/\\\/scfr.ir\\\/fa\\\/\",\"name\":\"\u0634\u0648\u0631\u0627\u06cc \u0631\u0627\u0647\u0628\u0631\u062f\u06cc \u0631\u0648\u0627\u0628\u0637 \u062e\u0627\u0631\u062c\u06cc\",\"description\":\"\",\"publisher\":{\"@id\":\"https:\\\/\\\/scfr.ir\\\/fa\\\/#organization\"},\"potentialAction\":[{\"@type\":\"SearchAction\",\"target\":{\"@type\":\"EntryPoint\",\"urlTemplate\":\"https:\\\/\\\/scfr.ir\\\/fa\\\/?s={search_term_string}\"},\"query-input\":{\"@type\":\"PropertyValueSpecification\",\"valueRequired\":true,\"valueName\":\"search_term_string\"}}],\"inLanguage\":\"es\"},{\"@type\":\"Organization\",\"@id\":\"https:\\\/\\\/scfr.ir\\\/fa\\\/#organization\",\"name\":\"\u0634\u0648\u0631\u0627\u06cc \u0631\u0627\u0647\u0628\u0631\u062f\u06cc \u0631\u0648\u0627\u0628\u0637 \u062e\u0627\u0631\u062c\u06cc\",\"url\":\"https:\\\/\\\/scfr.ir\\\/fa\\\/\",\"logo\":{\"@type\":\"ImageObject\",\"inLanguage\":\"es\",\"@id\":\"https:\\\/\\\/scfr.ir\\\/fa\\\/#\\\/schema\\\/logo\\\/image\\\/\",\"url\":\"https:\\\/\\\/www.scfr.ir\\\/wp-content\\\/uploads\\\/2023\\\/03\\\/Logo-Blue2.svg\",\"contentUrl\":\"https:\\\/\\\/www.scfr.ir\\\/wp-content\\\/uploads\\\/2023\\\/03\\\/Logo-Blue2.svg\",\"width\":1,\"height\":1,\"caption\":\"\u0634\u0648\u0631\u0627\u06cc \u0631\u0627\u0647\u0628\u0631\u062f\u06cc \u0631\u0648\u0627\u0628\u0637 \u062e\u0627\u0631\u062c\u06cc\"},\"image\":{\"@id\":\"https:\\\/\\\/scfr.ir\\\/fa\\\/#\\\/schema\\\/logo\\\/image\\\/\"}},{\"@type\":\"Person\",\"@id\":\"https:\\\/\\\/scfr.ir\\\/fa\\\/#\\\/schema\\\/person\\\/35df72a1a82f18cf1cb487d0c5afdb26\",\"name\":\"\u062c\u0648\u0627\u062f \u0645\u062f\u062f\u06cc\",\"url\":\"https:\\\/\\\/scfr.ir\\\/es\\\/author\\\/madadi\\\/\"}]}<\/script>\n<!-- \/ Yoast SEO plugin. -->","yoast_head_json":{"title":"La perspectiva de la celebraci\u00f3n de la \u201cCumbre del Negev\u201d en Marruecos - Consejo Estrat\u00e9gico de Relaciones Exteriores","robots":{"index":"index","follow":"follow","max-snippet":"max-snippet:-1","max-image-preview":"max-image-preview:large","max-video-preview":"max-video-preview:-1"},"canonical":"https:\/\/scfr.ir\/es\/103-es\/148284\/la-perspectiva-de-la-celebracion-de-la-cumbre-del-negev-en-marruecos\/","schema":{"@context":"https:\/\/schema.org","@graph":[{"@type":"Article","@id":"https:\/\/scfr.ir\/es\/103-es\/148284\/la-perspectiva-de-la-celebracion-de-la-cumbre-del-negev-en-marruecos\/#article","isPartOf":{"@id":"https:\/\/scfr.ir\/es\/103-es\/148284\/la-perspectiva-de-la-celebracion-de-la-cumbre-del-negev-en-marruecos\/"},"author":{"name":"\u062c\u0648\u0627\u062f \u0645\u062f\u062f\u06cc","@id":"https:\/\/scfr.ir\/fa\/#\/schema\/person\/35df72a1a82f18cf1cb487d0c5afdb26"},"headline":"La perspectiva de la celebraci\u00f3n de la \u201cCumbre del Negev\u201d en Marruecos","datePublished":"2023-01-17T10:14:21+00:00","mainEntityOfPage":{"@id":"https:\/\/scfr.ir\/es\/103-es\/148284\/la-perspectiva-de-la-celebracion-de-la-cumbre-del-negev-en-marruecos\/"},"wordCount":1161,"commentCount":0,"publisher":{"@id":"https:\/\/scfr.ir\/fa\/#organization"},"image":{"@id":"https:\/\/scfr.ir\/es\/103-es\/148284\/la-perspectiva-de-la-celebracion-de-la-cumbre-del-negev-en-marruecos\/#primaryimage"},"thumbnailUrl":"https:\/\/scfr.ir\/wp-content\/uploads\/2023\/01\/\u0647\u0639.jpg","keywords":["Bar\u00e9in","China","Egipto","Emiratos \u00c1rabes Unidos","Estados Unidos","Ir\u00e1n","Ir\u00e1n fobia","Israel","Marruecos","Palestina","R\u00e9gimen sionista","Reuni\u00f3n de Negev","Rusia"],"articleSection":["Entrevista","Pol\u00edtica","top news"],"inLanguage":"es","potentialAction":[{"@type":"CommentAction","name":"Comment","target":["https:\/\/scfr.ir\/es\/103-es\/148284\/la-perspectiva-de-la-celebracion-de-la-cumbre-del-negev-en-marruecos\/#respond"]}]},{"@type":"WebPage","@id":"https:\/\/scfr.ir\/es\/103-es\/148284\/la-perspectiva-de-la-celebracion-de-la-cumbre-del-negev-en-marruecos\/","url":"https:\/\/scfr.ir\/es\/103-es\/148284\/la-perspectiva-de-la-celebracion-de-la-cumbre-del-negev-en-marruecos\/","name":"La perspectiva de la celebraci\u00f3n de la \u201cCumbre del Negev\u201d en Marruecos - Consejo Estrat\u00e9gico de Relaciones Exteriores","isPartOf":{"@id":"https:\/\/scfr.ir\/fa\/#website"},"primaryImageOfPage":{"@id":"https:\/\/scfr.ir\/es\/103-es\/148284\/la-perspectiva-de-la-celebracion-de-la-cumbre-del-negev-en-marruecos\/#primaryimage"},"image":{"@id":"https:\/\/scfr.ir\/es\/103-es\/148284\/la-perspectiva-de-la-celebracion-de-la-cumbre-del-negev-en-marruecos\/#primaryimage"},"thumbnailUrl":"https:\/\/scfr.ir\/wp-content\/uploads\/2023\/01\/\u0647\u0639.jpg","datePublished":"2023-01-17T10:14:21+00:00","breadcrumb":{"@id":"https:\/\/scfr.ir\/es\/103-es\/148284\/la-perspectiva-de-la-celebracion-de-la-cumbre-del-negev-en-marruecos\/#breadcrumb"},"inLanguage":"es","potentialAction":[{"@type":"ReadAction","target":["https:\/\/scfr.ir\/es\/103-es\/148284\/la-perspectiva-de-la-celebracion-de-la-cumbre-del-negev-en-marruecos\/"]}]},{"@type":"ImageObject","inLanguage":"es","@id":"https:\/\/scfr.ir\/es\/103-es\/148284\/la-perspectiva-de-la-celebracion-de-la-cumbre-del-negev-en-marruecos\/#primaryimage","url":"https:\/\/scfr.ir\/wp-content\/uploads\/2023\/01\/\u0647\u0639.jpg","contentUrl":"https:\/\/scfr.ir\/wp-content\/uploads\/2023\/01\/\u0647\u0639.jpg","width":908,"height":510},{"@type":"BreadcrumbList","@id":"https:\/\/scfr.ir\/es\/103-es\/148284\/la-perspectiva-de-la-celebracion-de-la-cumbre-del-negev-en-marruecos\/#breadcrumb","itemListElement":[{"@type":"ListItem","position":1,"name":"","item":"https:\/\/scfr.ir\/es\/"},{"@type":"ListItem","position":2,"name":"\u0646\u0645\u0627\u06cc \u0631\u0627\u0647\u0628\u0631\u062f\u06cc","item":"https:\/\/scfr.ir\/fa\/category\/300\/"},{"@type":"ListItem","position":3,"name":"\u06af\u0641\u062a\u06af\u0648","item":"https:\/\/scfr.ir\/fa\/category\/300\/30102\/"},{"@type":"ListItem","position":4,"name":"La perspectiva de la celebraci\u00f3n de la \u201cCumbre del Negev\u201d en Marruecos"}]},{"@type":"WebSite","@id":"https:\/\/scfr.ir\/fa\/#website","url":"https:\/\/scfr.ir\/fa\/","name":"\u0634\u0648\u0631\u0627\u06cc \u0631\u0627\u0647\u0628\u0631\u062f\u06cc \u0631\u0648\u0627\u0628\u0637 \u062e\u0627\u0631\u062c\u06cc","description":"","publisher":{"@id":"https:\/\/scfr.ir\/fa\/#organization"},"potentialAction":[{"@type":"SearchAction","target":{"@type":"EntryPoint","urlTemplate":"https:\/\/scfr.ir\/fa\/?s={search_term_string}"},"query-input":{"@type":"PropertyValueSpecification","valueRequired":true,"valueName":"search_term_string"}}],"inLanguage":"es"},{"@type":"Organization","@id":"https:\/\/scfr.ir\/fa\/#organization","name":"\u0634\u0648\u0631\u0627\u06cc \u0631\u0627\u0647\u0628\u0631\u062f\u06cc \u0631\u0648\u0627\u0628\u0637 \u062e\u0627\u0631\u062c\u06cc","url":"https:\/\/scfr.ir\/fa\/","logo":{"@type":"ImageObject","inLanguage":"es","@id":"https:\/\/scfr.ir\/fa\/#\/schema\/logo\/image\/","url":"https:\/\/www.scfr.ir\/wp-content\/uploads\/2023\/03\/Logo-Blue2.svg","contentUrl":"https:\/\/www.scfr.ir\/wp-content\/uploads\/2023\/03\/Logo-Blue2.svg","width":1,"height":1,"caption":"\u0634\u0648\u0631\u0627\u06cc \u0631\u0627\u0647\u0628\u0631\u062f\u06cc \u0631\u0648\u0627\u0628\u0637 \u062e\u0627\u0631\u062c\u06cc"},"image":{"@id":"https:\/\/scfr.ir\/fa\/#\/schema\/logo\/image\/"}},{"@type":"Person","@id":"https:\/\/scfr.ir\/fa\/#\/schema\/person\/35df72a1a82f18cf1cb487d0c5afdb26","name":"\u062c\u0648\u0627\u062f \u0645\u062f\u062f\u06cc","url":"https:\/\/scfr.ir\/es\/author\/madadi\/"}]}},"_links":{"self":[{"href":"https:\/\/scfr.ir\/es\/wp-json\/wp\/v2\/posts\/148284","targetHints":{"allow":["GET"]}}],"collection":[{"href":"https:\/\/scfr.ir\/es\/wp-json\/wp\/v2\/posts"}],"about":[{"href":"https:\/\/scfr.ir\/es\/wp-json\/wp\/v2\/types\/post"}],"author":[{"embeddable":true,"href":"https:\/\/scfr.ir\/es\/wp-json\/wp\/v2\/users\/5"}],"replies":[{"embeddable":true,"href":"https:\/\/scfr.ir\/es\/wp-json\/wp\/v2\/comments?post=148284"}],"version-history":[{"count":0,"href":"https:\/\/scfr.ir\/es\/wp-json\/wp\/v2\/posts\/148284\/revisions"}],"wp:featuredmedia":[{"embeddable":true,"href":"https:\/\/scfr.ir\/es\/wp-json\/wp\/v2\/media\/148103"}],"wp:attachment":[{"href":"https:\/\/scfr.ir\/es\/wp-json\/wp\/v2\/media?parent=148284"}],"wp:term":[{"taxonomy":"category","embeddable":true,"href":"https:\/\/scfr.ir\/es\/wp-json\/wp\/v2\/categories?post=148284"},{"taxonomy":"post_tag","embeddable":true,"href":"https:\/\/scfr.ir\/es\/wp-json\/wp\/v2\/tags?post=148284"}],"curies":[{"name":"wp","href":"https:\/\/api.w.org\/{rel}","templated":true}]}}