{"id":148291,"date":"2023-01-17T15:56:49","date_gmt":"2023-01-17T12:26:49","guid":{"rendered":"https:\/\/www.scfr.ir\/sin-categorizar\/148291\/el-fracaso-de-macron-en-la-realizacion-de-la-independencia-militar-de-europa-de-estados-unidos\/"},"modified":"2023-01-17T16:34:07","modified_gmt":"2023-01-17T13:04:07","slug":"el-fracaso-de-macron-en-la-realizacion-de-la-independencia-militar-de-europa-de-estados-unidos","status":"publish","type":"post","link":"https:\/\/scfr.ir\/es\/102-es\/148291\/el-fracaso-de-macron-en-la-realizacion-de-la-independencia-militar-de-europa-de-estados-unidos\/","title":{"rendered":"El fracaso de Macron en la realizaci\u00f3n de la independencia militar de Europa de Estados Unidos"},"content":{"rendered":"<p>Una mirada al proceso de cambios de la OTAN despu\u00e9s de la disoluci\u00f3n de la Uni\u00f3n Sovi\u00e9tica y el ataque de Rusia a Ucrania, muestra claramente la actual situaci\u00f3n de seguridad en Europa.<br \/>\nLa situaci\u00f3n pol\u00edtica, econ\u00f3mica y de seguridad de la Uni\u00f3n Europea debe dividirse en antes y despu\u00e9s de la guerra de Ucrania. Despu\u00e9s de la Segunda Guerra Mundial, los gobiernos europeos intentaron formar una uni\u00f3n global con convergencia econ\u00f3mica y luego pol\u00edtica y de seguridad para poder desempe\u00f1ar un papel activo en las ecuaciones pol\u00edticas, econ\u00f3micas y de seguridad del mundo. Durante el per\u00edodo del sistema bipolar, debido al paraguas de seguridad estadounidense, la OTAN jugaba su papel bajo la sombra de los Estados Unidos en las ecuaciones pol\u00edticas, econ\u00f3micas y de seguridad, pero despu\u00e9s de la disoluci\u00f3n de la Uni\u00f3n Sovi\u00e9tica, Francia como un miembro disidente de la OTAN, trat\u00f3 de cambiar los \u00f3rdenes de seguridad de esta organizaci\u00f3n. Al mismo tiempo, Charles de Gaulle sac\u00f3 a este pa\u00eds de la rama militar de la OTAN. Los franceses cre\u00edan que pod\u00edan formar \u00f3rdenes de seguridad europeos independientes fuera de la OTAN. Dado que la filosof\u00eda existencial de la OTAN hab\u00eda desaparecido tras la disoluci\u00f3n del Pacto de Varsovia, los franceses pensaron que pod\u00edan aprovechar al m\u00e1ximo este vac\u00edo de la filosof\u00eda existencial de la OTAN para mejorar la posici\u00f3n de Europa en las ecuaciones globales. Pero las sangrientas crisis en la pen\u00ednsula de los Balcanes en la primera mitad de la d\u00e9cada de 1990 y la crisis de Kosovo a finales de los a\u00f1os de 1990 demostraron que los europeos son incapaces de manejar las crisis de sus pa\u00edses vecinos y Estados Unidos tambi\u00e9n aprovech\u00f3 al m\u00e1ximo las crisis de la pen\u00ednsula de los Balcanes en la d\u00e9cada de 1990 para mostrar la necesidad de la existencia del paraguas de seguridad de la OTAN en Europa.<br \/>\nPero la teor\u00eda de formar una estructura de seguridad europea independiente, siempre era un deseo y una expectativa en Francia. De este modo, esta brecha pol\u00edtica y de seguridad sigui\u00f3 existiendo entre los aliados de los dos lados del Oc\u00e9ano Atl\u00e1ntico.<br \/>\nEl tipo de confrontaci\u00f3n con Rusia como sucesora de la Uni\u00f3n Sovi\u00e9tica revel\u00f3 en gran medida la brecha entre Europa y Estados Unidos. Desde el inicio de la disoluci\u00f3n de la Uni\u00f3n Sovi\u00e9tica, los estadounidenses buscaron contener a Rusia en sus fronteras, e incluso la aceptaci\u00f3n de Rusia en la Asociaci\u00f3n para la Paz (un programa de la OTAN) en la d\u00e9cada de 1990 fue un intento de enga\u00f1ar a Rusia que quer\u00eda convertirse en un socio europeo en \u201cla casa com\u00fan europea\u201d bajo la estructura de \u201cla Organizaci\u00f3n para la Seguridad y la Cooperaci\u00f3n en Europa (OSCE)\u201d.<br \/>\nPero la pol\u00edtica occidental de Bor\u00eds Yeltsin y la obediencia de su gobierno al Occidente, causaron que Vlad\u00edmir Putin con pol\u00edticas nacionalistas rusas llegara al poder. Adem\u00e1s, Rusia, bajo el liderazgo de Putin, trat\u00f3 de fortalecer y consolidar los lazos de Rusia con las ex rep\u00fablicas sovi\u00e9ticas mediante la formaci\u00f3n de organizaciones e instituciones regionales. En tal situaci\u00f3n, los estadounidenses continuaron con la pol\u00edtica de expandir la OTAN hacia el este en el marco de limitar a Rusia en sus fronteras e incluso buscaron unir a las ex rep\u00fablicas sovi\u00e9ticas al tratado de la OTAN.<br \/>\nGeorgia y Ucrania eran dos pa\u00edses que quer\u00edan unirse a la OTAN. La ra\u00edz principal de la crisis de Georgia en 2008 fue el intento de este pa\u00eds de unirse a la OTAN.<br \/>\nEstados Unidos y Europa ten\u00edan una visi\u00f3n diferente sobre c\u00f3mo manejar la crisis en Georgia. El viaje que tuvo el expresidente franc\u00e9s, Nicolas Sarkozy, a Tiflis y Mosc\u00fa y la pol\u00edtica estrat\u00e9gica de Sarkozy y Angela Merkel, excanciller de Alemania, de posponer el tema de la incorporaci\u00f3n de Georgia y Ucrania al tratado de la OTAN, demostraron que los europeos quieren respetar las consideraciones de Rusia en la zona de su influencia en el territorio de la antigua Uni\u00f3n Sovi\u00e9tica y no buscan en absoluto tener tensi\u00f3n con este gran vecino suyo.<br \/>\nDurante la crisis de Crimea y la anexi\u00f3n de esta regi\u00f3n a Rusia en 2014, aunque se impusieron muchas sanciones contra Rusia, estas sanciones no fueron hasta el punto de tener un impacto grave en las relaciones econ\u00f3micas y pol\u00edticas entre Rusia y la Uni\u00f3n Europea, especialmente Alemania y Francia. Durante este per\u00edodo, los europeos firmaron varios acuerdos para ampliar la cooperaci\u00f3n militar y de defensa conjunta con Rusia. Acuerdos que podr\u00edan ser una infraestructura para lograr la independencia de Europa en el tema de la seguridad.<br \/>\nPero el ataque de Rusia a Ucrania en febrero del a\u00f1o pasado cambi\u00f3 fundamentalmente las ecuaciones pol\u00edticas, de seguridad, econ\u00f3micas y energ\u00e9ticas de Occidente con Rusia.<br \/>\nAntes del ataque ruso, los europeos, especialmente Merkel, la excanciller de Alemania, cre\u00edan que a trav\u00e9s de ampliar la cooperaci\u00f3n pol\u00edtica, econ\u00f3mica e incluso de seguridad con Rusia, deber\u00edan intentar cambiar el comportamiento y las pol\u00edticas de este pa\u00eds. Pero despu\u00e9s del ataque de Rusia a Ucrania, los europeos no tuvieron m\u00e1s remedio que seguir y acompa\u00f1ar a Estados Unidos para apoyar a Ucrania en la batalla con el Ej\u00e9rcito ruso.<br \/>\nAhora bien, es cierto que el secretario general de la OTAN es una figura pol\u00edtica europea, pero s\u00f3lo se encarga de gestionar la Secretar\u00eda y la organizaci\u00f3n administrativa de este tratado, y pr\u00e1cticamente el mando militar de la OTAN est\u00e1 en manos de Estados Unidos. Adem\u00e1s, el gobierno estadounidense especifica el tama\u00f1o y la forma de la asistencia militar al gobierno ucraniano.<br \/>\nIncluso vimos que el gobierno alem\u00e1n, que se supon\u00eda que reducir\u00eda su presupuesto militar al 2% en un per\u00edodo de 10 a\u00f1os, lo aument\u00f3 por 100 mil millones de euros tras el ataque de Rusia a Ucrania.<br \/>\nEsto era contrario a las pol\u00edticas de los gobiernos occidentales hacia Alemania despu\u00e9s del final de la Segunda Guerra Mundial que intentaban evitar que Alemania tuviera un ej\u00e9rcito fuerte. Ahora, casi todos los miembros de la UE han aumentado su presupuesto militar, pero este aumento del presupuesto no conduce a la convergencia en la pol\u00edtica exterior y de seguridad com\u00fan. La situaci\u00f3n tras el ataque de Rusia a Ucrania ha impuesto esta pol\u00edtica de defensa a los gobiernos europeos. Despu\u00e9s del ataque de Rusia a Ucrania, estos pa\u00edses enfrentaron un aumento en los precios de la energ\u00eda, un aumento en el d\u00e9ficit presupuestario y una inflaci\u00f3n sin precedentes en las \u00faltimas cuatro d\u00e9cadas. El discurso de Emmanuel Macron en esta situaci\u00f3n sobre el intento de crear una estructura com\u00fan de defensa y de seguridad sin el apoyo estadounidense no est\u00e1 en consonancia con los cambios en las ecuaciones pol\u00edticas y de seguridad en Europa tras el ataque de Rusia a Ucrania, y Europa contin\u00faa vi\u00e9ndose bajo el paraguas de seguridad de la OTAN, bajo la influencia de Estados Unidos por muchos a\u00f1os m\u00e1s.<\/p>\n","protected":false},"excerpt":{"rendered":"<p>Consejo Estrat\u00e9gico en l\u00ednea \u2013 texto argumentativo: Hace tiempo que el presidente franc\u00e9s, Emmanuel Macron, ha estado pensando en mejorar la posici\u00f3n y el papel de Europa en la OTAN y reducir la influencia estadounidense. Pero las ecuaciones pol\u00edticas y de seguridad de Europa est\u00e1n en contra de los deseos del presidente franc\u00e9s.<br \/>\nMorteza Makki \u2013 experto en temas europeos<\/p>\n","protected":false},"author":5,"featured_media":148200,"comment_status":"open","ping_status":"open","sticky":false,"template":"","format":"standard","meta":{"_et_pb_use_builder":"","_et_pb_old_content":"","_et_gb_content_width":"","footnotes":""},"categories":[37692,37699,37703],"tags":[37762,37799,37810,37811,37806,37759,37761,37763,37809,37808,37760,37807,37805],"class_list":["post-148291","post","type-post","status-publish","format-standard","has-post-thumbnail","hentry","category-102-es","category-30102-es","category-10-es","tag-alemania","tag-ataque-ruso-a-ucrania","tag-aumento-de-los-precios-de-la-energia","tag-crisis-de-georgia","tag-emmanuel-macron-es","tag-america","tag-europa","tag-francia","tag-la-independencia-militar-de-europa-de-america","tag-organizacion-para-la-seguridad-y-la-cooperacion-en-europa","tag-otan","tag-sanciones","tag-union-europea"],"yoast_head":"<!-- This site is optimized with the Yoast SEO plugin v28.1 - https:\/\/yoast.com\/product\/yoast-seo-wordpress\/ -->\n<title>El fracaso de Macron en la realizaci\u00f3n de la independencia militar de Europa de Estados Unidos - Consejo Estrat\u00e9gico de Relaciones Exteriores<\/title>\n<meta name=\"robots\" content=\"index, follow, max-snippet:-1, max-image-preview:large, max-video-preview:-1\" \/>\n<link rel=\"canonical\" href=\"https:\/\/scfr.ir\/es\/102-es\/148291\/el-fracaso-de-macron-en-la-realizacion-de-la-independencia-militar-de-europa-de-estados-unidos\/\" \/>\n<script type=\"application\/ld+json\" class=\"yoast-schema-graph\">{\"@context\":\"https:\\\/\\\/schema.org\",\"@graph\":[{\"@type\":\"Article\",\"@id\":\"https:\\\/\\\/scfr.ir\\\/es\\\/102-es\\\/148291\\\/el-fracaso-de-macron-en-la-realizacion-de-la-independencia-militar-de-europa-de-estados-unidos\\\/#article\",\"isPartOf\":{\"@id\":\"https:\\\/\\\/scfr.ir\\\/es\\\/102-es\\\/148291\\\/el-fracaso-de-macron-en-la-realizacion-de-la-independencia-militar-de-europa-de-estados-unidos\\\/\"},\"author\":{\"name\":\"\u062c\u0648\u0627\u062f \u0645\u062f\u062f\u06cc\",\"@id\":\"https:\\\/\\\/scfr.ir\\\/fa\\\/#\\\/schema\\\/person\\\/35df72a1a82f18cf1cb487d0c5afdb26\"},\"headline\":\"El fracaso de Macron en la realizaci\u00f3n de la independencia militar de Europa de Estados Unidos\",\"datePublished\":\"2023-01-17T12:26:49+00:00\",\"dateModified\":\"2023-01-17T13:04:07+00:00\",\"mainEntityOfPage\":{\"@id\":\"https:\\\/\\\/scfr.ir\\\/es\\\/102-es\\\/148291\\\/el-fracaso-de-macron-en-la-realizacion-de-la-independencia-militar-de-europa-de-estados-unidos\\\/\"},\"wordCount\":1287,\"commentCount\":0,\"publisher\":{\"@id\":\"https:\\\/\\\/scfr.ir\\\/fa\\\/#organization\"},\"image\":{\"@id\":\"https:\\\/\\\/scfr.ir\\\/es\\\/102-es\\\/148291\\\/el-fracaso-de-macron-en-la-realizacion-de-la-independencia-militar-de-europa-de-estados-unidos\\\/#primaryimage\"},\"thumbnailUrl\":\"https:\\\/\\\/scfr.ir\\\/wp-content\\\/uploads\\\/2023\\\/01\\\/\u0646\u0646\u0646\u0646\u0646\u0646\u0646\u0646\u0646\u0646\u0646\u0646\u0646.jpg\",\"keywords\":[\"Alemania\",\"Ataque ruso a Ucrania\",\"Aumento de los precios de la energ\u00eda\",\"crisis de georgia\",\"Emmanuel Macron\",\"Estados Unidos\",\"Europa\",\"Francia\",\"La independencia militar de Europa de Am\u00e9rica\",\"Organizaci\u00f3n para la Seguridad y la Cooperaci\u00f3n en Europa\",\"OTAN\",\"Sanciones\",\"Uni\u00f3n Europea\"],\"articleSection\":[\"Defensa y seguridad\",\"Entrevista\",\"top news\"],\"inLanguage\":\"es\",\"potentialAction\":[{\"@type\":\"CommentAction\",\"name\":\"Comment\",\"target\":[\"https:\\\/\\\/scfr.ir\\\/es\\\/102-es\\\/148291\\\/el-fracaso-de-macron-en-la-realizacion-de-la-independencia-militar-de-europa-de-estados-unidos\\\/#respond\"]}]},{\"@type\":\"WebPage\",\"@id\":\"https:\\\/\\\/scfr.ir\\\/es\\\/102-es\\\/148291\\\/el-fracaso-de-macron-en-la-realizacion-de-la-independencia-militar-de-europa-de-estados-unidos\\\/\",\"url\":\"https:\\\/\\\/scfr.ir\\\/es\\\/102-es\\\/148291\\\/el-fracaso-de-macron-en-la-realizacion-de-la-independencia-militar-de-europa-de-estados-unidos\\\/\",\"name\":\"El fracaso de Macron en la realizaci\u00f3n de la independencia militar de Europa de Estados Unidos - Consejo Estrat\u00e9gico de Relaciones Exteriores\",\"isPartOf\":{\"@id\":\"https:\\\/\\\/scfr.ir\\\/fa\\\/#website\"},\"primaryImageOfPage\":{\"@id\":\"https:\\\/\\\/scfr.ir\\\/es\\\/102-es\\\/148291\\\/el-fracaso-de-macron-en-la-realizacion-de-la-independencia-militar-de-europa-de-estados-unidos\\\/#primaryimage\"},\"image\":{\"@id\":\"https:\\\/\\\/scfr.ir\\\/es\\\/102-es\\\/148291\\\/el-fracaso-de-macron-en-la-realizacion-de-la-independencia-militar-de-europa-de-estados-unidos\\\/#primaryimage\"},\"thumbnailUrl\":\"https:\\\/\\\/scfr.ir\\\/wp-content\\\/uploads\\\/2023\\\/01\\\/\u0646\u0646\u0646\u0646\u0646\u0646\u0646\u0646\u0646\u0646\u0646\u0646\u0646.jpg\",\"datePublished\":\"2023-01-17T12:26:49+00:00\",\"dateModified\":\"2023-01-17T13:04:07+00:00\",\"breadcrumb\":{\"@id\":\"https:\\\/\\\/scfr.ir\\\/es\\\/102-es\\\/148291\\\/el-fracaso-de-macron-en-la-realizacion-de-la-independencia-militar-de-europa-de-estados-unidos\\\/#breadcrumb\"},\"inLanguage\":\"es\",\"potentialAction\":[{\"@type\":\"ReadAction\",\"target\":[\"https:\\\/\\\/scfr.ir\\\/es\\\/102-es\\\/148291\\\/el-fracaso-de-macron-en-la-realizacion-de-la-independencia-militar-de-europa-de-estados-unidos\\\/\"]}]},{\"@type\":\"ImageObject\",\"inLanguage\":\"es\",\"@id\":\"https:\\\/\\\/scfr.ir\\\/es\\\/102-es\\\/148291\\\/el-fracaso-de-macron-en-la-realizacion-de-la-independencia-militar-de-europa-de-estados-unidos\\\/#primaryimage\",\"url\":\"https:\\\/\\\/scfr.ir\\\/wp-content\\\/uploads\\\/2023\\\/01\\\/\u0646\u0646\u0646\u0646\u0646\u0646\u0646\u0646\u0646\u0646\u0646\u0646\u0646.jpg\",\"contentUrl\":\"https:\\\/\\\/scfr.ir\\\/wp-content\\\/uploads\\\/2023\\\/01\\\/\u0646\u0646\u0646\u0646\u0646\u0646\u0646\u0646\u0646\u0646\u0646\u0646\u0646.jpg\",\"width\":640,\"height\":450},{\"@type\":\"BreadcrumbList\",\"@id\":\"https:\\\/\\\/scfr.ir\\\/es\\\/102-es\\\/148291\\\/el-fracaso-de-macron-en-la-realizacion-de-la-independencia-militar-de-europa-de-estados-unidos\\\/#breadcrumb\",\"itemListElement\":[{\"@type\":\"ListItem\",\"position\":1,\"name\":\"\",\"item\":\"https:\\\/\\\/scfr.ir\\\/es\\\/\"},{\"@type\":\"ListItem\",\"position\":2,\"name\":\"\u0646\u0645\u0627\u06cc \u0631\u0627\u0647\u0628\u0631\u062f\u06cc\",\"item\":\"https:\\\/\\\/scfr.ir\\\/fa\\\/category\\\/300\\\/\"},{\"@type\":\"ListItem\",\"position\":3,\"name\":\"\u06af\u0641\u062a\u06af\u0648\",\"item\":\"https:\\\/\\\/scfr.ir\\\/fa\\\/category\\\/300\\\/30102\\\/\"},{\"@type\":\"ListItem\",\"position\":4,\"name\":\"El fracaso de Macron en la realizaci\u00f3n de la independencia militar de Europa de Estados Unidos\"}]},{\"@type\":\"WebSite\",\"@id\":\"https:\\\/\\\/scfr.ir\\\/fa\\\/#website\",\"url\":\"https:\\\/\\\/scfr.ir\\\/fa\\\/\",\"name\":\"\u0634\u0648\u0631\u0627\u06cc \u0631\u0627\u0647\u0628\u0631\u062f\u06cc \u0631\u0648\u0627\u0628\u0637 \u062e\u0627\u0631\u062c\u06cc\",\"description\":\"\",\"publisher\":{\"@id\":\"https:\\\/\\\/scfr.ir\\\/fa\\\/#organization\"},\"potentialAction\":[{\"@type\":\"SearchAction\",\"target\":{\"@type\":\"EntryPoint\",\"urlTemplate\":\"https:\\\/\\\/scfr.ir\\\/fa\\\/?s={search_term_string}\"},\"query-input\":{\"@type\":\"PropertyValueSpecification\",\"valueRequired\":true,\"valueName\":\"search_term_string\"}}],\"inLanguage\":\"es\"},{\"@type\":\"Organization\",\"@id\":\"https:\\\/\\\/scfr.ir\\\/fa\\\/#organization\",\"name\":\"\u0634\u0648\u0631\u0627\u06cc \u0631\u0627\u0647\u0628\u0631\u062f\u06cc \u0631\u0648\u0627\u0628\u0637 \u062e\u0627\u0631\u062c\u06cc\",\"url\":\"https:\\\/\\\/scfr.ir\\\/fa\\\/\",\"logo\":{\"@type\":\"ImageObject\",\"inLanguage\":\"es\",\"@id\":\"https:\\\/\\\/scfr.ir\\\/fa\\\/#\\\/schema\\\/logo\\\/image\\\/\",\"url\":\"https:\\\/\\\/www.scfr.ir\\\/wp-content\\\/uploads\\\/2023\\\/03\\\/Logo-Blue2.svg\",\"contentUrl\":\"https:\\\/\\\/www.scfr.ir\\\/wp-content\\\/uploads\\\/2023\\\/03\\\/Logo-Blue2.svg\",\"width\":1,\"height\":1,\"caption\":\"\u0634\u0648\u0631\u0627\u06cc \u0631\u0627\u0647\u0628\u0631\u062f\u06cc \u0631\u0648\u0627\u0628\u0637 \u062e\u0627\u0631\u062c\u06cc\"},\"image\":{\"@id\":\"https:\\\/\\\/scfr.ir\\\/fa\\\/#\\\/schema\\\/logo\\\/image\\\/\"}},{\"@type\":\"Person\",\"@id\":\"https:\\\/\\\/scfr.ir\\\/fa\\\/#\\\/schema\\\/person\\\/35df72a1a82f18cf1cb487d0c5afdb26\",\"name\":\"\u062c\u0648\u0627\u062f \u0645\u062f\u062f\u06cc\",\"url\":\"https:\\\/\\\/scfr.ir\\\/es\\\/author\\\/madadi\\\/\"}]}<\/script>\n<!-- \/ Yoast SEO plugin. -->","yoast_head_json":{"title":"El fracaso de Macron en la realizaci\u00f3n de la independencia militar de Europa de Estados Unidos - Consejo Estrat\u00e9gico de Relaciones Exteriores","robots":{"index":"index","follow":"follow","max-snippet":"max-snippet:-1","max-image-preview":"max-image-preview:large","max-video-preview":"max-video-preview:-1"},"canonical":"https:\/\/scfr.ir\/es\/102-es\/148291\/el-fracaso-de-macron-en-la-realizacion-de-la-independencia-militar-de-europa-de-estados-unidos\/","schema":{"@context":"https:\/\/schema.org","@graph":[{"@type":"Article","@id":"https:\/\/scfr.ir\/es\/102-es\/148291\/el-fracaso-de-macron-en-la-realizacion-de-la-independencia-militar-de-europa-de-estados-unidos\/#article","isPartOf":{"@id":"https:\/\/scfr.ir\/es\/102-es\/148291\/el-fracaso-de-macron-en-la-realizacion-de-la-independencia-militar-de-europa-de-estados-unidos\/"},"author":{"name":"\u062c\u0648\u0627\u062f \u0645\u062f\u062f\u06cc","@id":"https:\/\/scfr.ir\/fa\/#\/schema\/person\/35df72a1a82f18cf1cb487d0c5afdb26"},"headline":"El fracaso de Macron en la realizaci\u00f3n de la independencia militar de Europa de Estados Unidos","datePublished":"2023-01-17T12:26:49+00:00","dateModified":"2023-01-17T13:04:07+00:00","mainEntityOfPage":{"@id":"https:\/\/scfr.ir\/es\/102-es\/148291\/el-fracaso-de-macron-en-la-realizacion-de-la-independencia-militar-de-europa-de-estados-unidos\/"},"wordCount":1287,"commentCount":0,"publisher":{"@id":"https:\/\/scfr.ir\/fa\/#organization"},"image":{"@id":"https:\/\/scfr.ir\/es\/102-es\/148291\/el-fracaso-de-macron-en-la-realizacion-de-la-independencia-militar-de-europa-de-estados-unidos\/#primaryimage"},"thumbnailUrl":"https:\/\/scfr.ir\/wp-content\/uploads\/2023\/01\/\u0646\u0646\u0646\u0646\u0646\u0646\u0646\u0646\u0646\u0646\u0646\u0646\u0646.jpg","keywords":["Alemania","Ataque ruso a Ucrania","Aumento de los precios de la energ\u00eda","crisis de georgia","Emmanuel Macron","Estados Unidos","Europa","Francia","La independencia militar de Europa de Am\u00e9rica","Organizaci\u00f3n para la Seguridad y la Cooperaci\u00f3n en Europa","OTAN","Sanciones","Uni\u00f3n Europea"],"articleSection":["Defensa y seguridad","Entrevista","top news"],"inLanguage":"es","potentialAction":[{"@type":"CommentAction","name":"Comment","target":["https:\/\/scfr.ir\/es\/102-es\/148291\/el-fracaso-de-macron-en-la-realizacion-de-la-independencia-militar-de-europa-de-estados-unidos\/#respond"]}]},{"@type":"WebPage","@id":"https:\/\/scfr.ir\/es\/102-es\/148291\/el-fracaso-de-macron-en-la-realizacion-de-la-independencia-militar-de-europa-de-estados-unidos\/","url":"https:\/\/scfr.ir\/es\/102-es\/148291\/el-fracaso-de-macron-en-la-realizacion-de-la-independencia-militar-de-europa-de-estados-unidos\/","name":"El fracaso de Macron en la realizaci\u00f3n de la independencia militar de Europa de Estados Unidos - Consejo Estrat\u00e9gico de Relaciones Exteriores","isPartOf":{"@id":"https:\/\/scfr.ir\/fa\/#website"},"primaryImageOfPage":{"@id":"https:\/\/scfr.ir\/es\/102-es\/148291\/el-fracaso-de-macron-en-la-realizacion-de-la-independencia-militar-de-europa-de-estados-unidos\/#primaryimage"},"image":{"@id":"https:\/\/scfr.ir\/es\/102-es\/148291\/el-fracaso-de-macron-en-la-realizacion-de-la-independencia-militar-de-europa-de-estados-unidos\/#primaryimage"},"thumbnailUrl":"https:\/\/scfr.ir\/wp-content\/uploads\/2023\/01\/\u0646\u0646\u0646\u0646\u0646\u0646\u0646\u0646\u0646\u0646\u0646\u0646\u0646.jpg","datePublished":"2023-01-17T12:26:49+00:00","dateModified":"2023-01-17T13:04:07+00:00","breadcrumb":{"@id":"https:\/\/scfr.ir\/es\/102-es\/148291\/el-fracaso-de-macron-en-la-realizacion-de-la-independencia-militar-de-europa-de-estados-unidos\/#breadcrumb"},"inLanguage":"es","potentialAction":[{"@type":"ReadAction","target":["https:\/\/scfr.ir\/es\/102-es\/148291\/el-fracaso-de-macron-en-la-realizacion-de-la-independencia-militar-de-europa-de-estados-unidos\/"]}]},{"@type":"ImageObject","inLanguage":"es","@id":"https:\/\/scfr.ir\/es\/102-es\/148291\/el-fracaso-de-macron-en-la-realizacion-de-la-independencia-militar-de-europa-de-estados-unidos\/#primaryimage","url":"https:\/\/scfr.ir\/wp-content\/uploads\/2023\/01\/\u0646\u0646\u0646\u0646\u0646\u0646\u0646\u0646\u0646\u0646\u0646\u0646\u0646.jpg","contentUrl":"https:\/\/scfr.ir\/wp-content\/uploads\/2023\/01\/\u0646\u0646\u0646\u0646\u0646\u0646\u0646\u0646\u0646\u0646\u0646\u0646\u0646.jpg","width":640,"height":450},{"@type":"BreadcrumbList","@id":"https:\/\/scfr.ir\/es\/102-es\/148291\/el-fracaso-de-macron-en-la-realizacion-de-la-independencia-militar-de-europa-de-estados-unidos\/#breadcrumb","itemListElement":[{"@type":"ListItem","position":1,"name":"","item":"https:\/\/scfr.ir\/es\/"},{"@type":"ListItem","position":2,"name":"\u0646\u0645\u0627\u06cc \u0631\u0627\u0647\u0628\u0631\u062f\u06cc","item":"https:\/\/scfr.ir\/fa\/category\/300\/"},{"@type":"ListItem","position":3,"name":"\u06af\u0641\u062a\u06af\u0648","item":"https:\/\/scfr.ir\/fa\/category\/300\/30102\/"},{"@type":"ListItem","position":4,"name":"El fracaso de Macron en la realizaci\u00f3n de la independencia militar de Europa de Estados Unidos"}]},{"@type":"WebSite","@id":"https:\/\/scfr.ir\/fa\/#website","url":"https:\/\/scfr.ir\/fa\/","name":"\u0634\u0648\u0631\u0627\u06cc \u0631\u0627\u0647\u0628\u0631\u062f\u06cc \u0631\u0648\u0627\u0628\u0637 \u062e\u0627\u0631\u062c\u06cc","description":"","publisher":{"@id":"https:\/\/scfr.ir\/fa\/#organization"},"potentialAction":[{"@type":"SearchAction","target":{"@type":"EntryPoint","urlTemplate":"https:\/\/scfr.ir\/fa\/?s={search_term_string}"},"query-input":{"@type":"PropertyValueSpecification","valueRequired":true,"valueName":"search_term_string"}}],"inLanguage":"es"},{"@type":"Organization","@id":"https:\/\/scfr.ir\/fa\/#organization","name":"\u0634\u0648\u0631\u0627\u06cc \u0631\u0627\u0647\u0628\u0631\u062f\u06cc \u0631\u0648\u0627\u0628\u0637 \u062e\u0627\u0631\u062c\u06cc","url":"https:\/\/scfr.ir\/fa\/","logo":{"@type":"ImageObject","inLanguage":"es","@id":"https:\/\/scfr.ir\/fa\/#\/schema\/logo\/image\/","url":"https:\/\/www.scfr.ir\/wp-content\/uploads\/2023\/03\/Logo-Blue2.svg","contentUrl":"https:\/\/www.scfr.ir\/wp-content\/uploads\/2023\/03\/Logo-Blue2.svg","width":1,"height":1,"caption":"\u0634\u0648\u0631\u0627\u06cc \u0631\u0627\u0647\u0628\u0631\u062f\u06cc \u0631\u0648\u0627\u0628\u0637 \u062e\u0627\u0631\u062c\u06cc"},"image":{"@id":"https:\/\/scfr.ir\/fa\/#\/schema\/logo\/image\/"}},{"@type":"Person","@id":"https:\/\/scfr.ir\/fa\/#\/schema\/person\/35df72a1a82f18cf1cb487d0c5afdb26","name":"\u062c\u0648\u0627\u062f \u0645\u062f\u062f\u06cc","url":"https:\/\/scfr.ir\/es\/author\/madadi\/"}]}},"_links":{"self":[{"href":"https:\/\/scfr.ir\/es\/wp-json\/wp\/v2\/posts\/148291","targetHints":{"allow":["GET"]}}],"collection":[{"href":"https:\/\/scfr.ir\/es\/wp-json\/wp\/v2\/posts"}],"about":[{"href":"https:\/\/scfr.ir\/es\/wp-json\/wp\/v2\/types\/post"}],"author":[{"embeddable":true,"href":"https:\/\/scfr.ir\/es\/wp-json\/wp\/v2\/users\/5"}],"replies":[{"embeddable":true,"href":"https:\/\/scfr.ir\/es\/wp-json\/wp\/v2\/comments?post=148291"}],"version-history":[{"count":0,"href":"https:\/\/scfr.ir\/es\/wp-json\/wp\/v2\/posts\/148291\/revisions"}],"wp:featuredmedia":[{"embeddable":true,"href":"https:\/\/scfr.ir\/es\/wp-json\/wp\/v2\/media\/148200"}],"wp:attachment":[{"href":"https:\/\/scfr.ir\/es\/wp-json\/wp\/v2\/media?parent=148291"}],"wp:term":[{"taxonomy":"category","embeddable":true,"href":"https:\/\/scfr.ir\/es\/wp-json\/wp\/v2\/categories?post=148291"},{"taxonomy":"post_tag","embeddable":true,"href":"https:\/\/scfr.ir\/es\/wp-json\/wp\/v2\/tags?post=148291"}],"curies":[{"name":"wp","href":"https:\/\/api.w.org\/{rel}","templated":true}]}}