{"id":148580,"date":"2023-01-28T15:24:04","date_gmt":"2023-01-28T11:54:04","guid":{"rendered":"https:\/\/www.scfr.ir\/sin-categorizar\/148580\/analizando-la-nueva-politica-de-turquia-hacia-siria\/"},"modified":"2023-01-28T15:24:04","modified_gmt":"2023-01-28T11:54:04","slug":"analizando-la-nueva-politica-de-turquia-hacia-siria","status":"publish","type":"post","link":"https:\/\/scfr.ir\/es\/103-es\/148580\/analizando-la-nueva-politica-de-turquia-hacia-siria\/","title":{"rendered":"Analizando la nueva pol\u00edtica de Turqu\u00eda hacia Siria"},"content":{"rendered":"<p>En una entrevista con el sitio web del Consejo Estrat\u00e9gico de Relaciones Exteriores, Siamak Kakaie dijo: \u201cEspecialmente en las \u00faltimas semanas del a\u00f1o pasado, los funcionarios turcos trataron estos asuntos con toda seriedad, lo que result\u00f3 en la celebraci\u00f3n de la primera reuni\u00f3n de funcionarios de seguridad turcos y sirios a nivel de ministros de defensa en Mosc\u00fa\u201d.<\/p>\n<p>Refiri\u00e9ndose a una frase de Erdo\u011fan, quien dijo que no hay un enemigo permanente en la pol\u00edtica, explic\u00f3: \u201cEl presidente de Turqu\u00eda us\u00f3 esta frase con el objetivo de justificar la cercan\u00eda o negociaciones con Siria\u201d.<\/p>\n<p>Seg\u00fan Kakaie, el presidente de Turqu\u00eda anunci\u00f3 que estas negociaciones probablemente se llevar\u00edan a cabo en tres niveles: primero a nivel de seguridad, segundo a nivel de ministros de Relaciones Exteriores y tercero probablemente a nivel de presidentes.<\/p>\n<p>En el an\u00e1lisis de los motivos del giro de Turqu\u00eda hacia Siria tras m\u00e1s de una d\u00e9cada de tensi\u00f3n y corte de lazos, as\u00ed como una serie de estrictas medidas que tom\u00f3 Ankara contra Siria, desde apoyar y armar a grupos de oposici\u00f3n y terroristas, hasta ocupar algunas zonas de las regiones del noreste, noroeste e Idlib que son una clara expresi\u00f3n de la pol\u00edtica hostil de Turqu\u00eda contra Siria, nuestro experto habl\u00f3 de dos factores:<\/p>\n<p>En cuanto al primer factor en el giro de la pol\u00edtica de Turqu\u00eda hacia Siria, Kakaie se\u00f1al\u00f3 que las importantes elecciones presidenciales y parlamentarias est\u00e1n por delante en junio de 2023 y dijo: \u201cErdo\u011fan, o el Partido de la Justicia y el Desarrollo, en el marco de cambiar la pol\u00edtica exterior y tratar de atraer capital de los pa\u00edses \u00e1rabes, as\u00ed como reducir las tensiones regionales, est\u00e1 intentando normalizar las relaciones regionales, as\u00ed que la reducci\u00f3n de las tensiones con Siria es justificable en este contexto. Todo esto para que Ankara muestre que la pol\u00edtica exterior del Partido de la Justicia y el Desarrollo tiene flexibilidad en diferentes momentos y la promueve en el marco de la seguridad nacional y los intereses de Turqu\u00eda\u201d.<\/p>\n<p>Este experto en temas turcos tambi\u00e9n habl\u00f3 sobre las negociaciones entre los funcionarios de seguridad de Turqu\u00eda y Siria: \u201cEn estas negociaciones, los funcionarios sirios enfatizaron que es necesario que Turqu\u00eda se retire de Siria; Es decir, pusieron este tema como una precondici\u00f3n. Por otro lado, los funcionarios de Ankara como Erdo\u011fan declararon que la presencia de Turqu\u00eda en algunas partes de Siria est\u00e1 en l\u00ednea con la protecci\u00f3n de los intereses territoriales del pa\u00eds y as\u00ed justificaron su presencia\u201d.<\/p>\n<p>Kakaie Agreg\u00f3: \u201cTurqu\u00eda ha declarado que respeta la integridad territorial de Siria y el prop\u00f3sito de su presencia en este pa\u00eds ha sido enfrentar a los grupos terroristas y separatistas que han puesto en peligro la seguridad nacional de Turqu\u00eda tambi\u00e9n. Pero Siria no acepta esta visi\u00f3n de Turqu\u00eda y ha declarado que la presencia de Turqu\u00eda en las regiones del norte de Siria es una violaci\u00f3n de su soberan\u00eda nacional\u201d.<\/p>\n<p>Kakaie enfatiz\u00f3 que si se considera este tema en el contexto de la cuesti\u00f3n electoral, se puede decir que el objetivo de Turqu\u00eda es normalizar las relaciones con Siria para poder convencer a las autoridades de este pa\u00eds para que apoyen los planes de Ankara. Esto significa que o Turqu\u00eda lleva a cabo operaciones militares dentro del territorio sirio en el marco del Acuerdo de Adana o debe convencer a Siria de realizar operaciones conjuntas contra los grupos kurdos sirios\u201d.<\/p>\n<p>Continu\u00f3: \u201cLa realizaci\u00f3n de esta solicitud parece improbable y algunos creen que la oposici\u00f3n de Estados Unidos y Rusia a las operaciones militares turcas en el norte de Siria puede ser la base de los movimientos de Turqu\u00eda para negociar con el gobierno sirio\u201d.<\/p>\n<p>Seg\u00fan este experto, el segundo factor relacionado con las contradicciones de la pol\u00edtica exterior de Turqu\u00eda en relaci\u00f3n con Siria es que Ankara no se conforma con negociar o no negociar con Siria. Algunos observadores creen que a medida que se acercan las elecciones de Turqu\u00eda, y si el ambiente interno de este pa\u00eds no va acorde con las pol\u00edticas electorales del Partido de la Justicia y el Desarrollo, existe la posibilidad de operaciones militares turcas en el norte de Irak e incluso en el norte de Siria contra los grupos kurdos que Turqu\u00eda considera ser terroristas y afiliados al PKK (Partido de los Trabajadores de Kurdist\u00e1n).<\/p>\n<p>Kakaie explic\u00f3 que as\u00ed, Erdo\u011fan y el partido gobernante quieren que las condiciones de seguridad dominen la atm\u00f3sfera electoral.<\/p>\n<p>Este experto tambi\u00e9n cree que estas acciones y opciones ser\u00e1n una ventaja para Erdo\u011fan para presionar a sus rivales y as\u00ed atraer una parte de los votos al Partido de la Justicia y el Desarrollo.<\/p>\n<p>Kakaie finalmente explic\u00f3: \u201cEn general, el tema de las negociaciones entre Turqu\u00eda y Siria no ser\u00e1 un proceso f\u00e1cil que llegue a una conclusi\u00f3n pronto; Sobre todo porque, por un lado, Damasco insiste en el fin de la ocupaci\u00f3n turca y, por otro lado, Ankara no quiere una retirada militar de Siria tan f\u00e1cilmente. Estos temas ser\u00e1n el principal desaf\u00edo en las negociaciones entre Damasco y Ankara\u201d.<\/p>\n","protected":false},"excerpt":{"rendered":"<p>Consejo Estrat\u00e9gico en L\u00ednea, entrevista: Un experto en temas turcos nos habl\u00f3 sobre las pol\u00edticas en zigzag del gobierno de Recep Tayyip Erdo\u011fan hacia el gobierno sirio: \u201cCasi desde mediados de 2022, el presidente de Turqu\u00eda inici\u00f3 muchos esfuerzos para cambiar sus pol\u00edticas regionales; Un esfuerzo que fue visible en la normalizaci\u00f3n de las relaciones con el r\u00e9gimen sionista, Arabia Saud\u00ed, los Emiratos \u00c1rabes Unidos, y luego con Egipto. Recientemente hubo tambi\u00e9n rumores sobre la celebraci\u00f3n de conversaciones de alto nivel entre Turqu\u00eda y Siria\u201d.<\/p>\n","protected":false},"author":5,"featured_media":148514,"comment_status":"open","ping_status":"open","sticky":false,"template":"","format":"standard","meta":{"_et_pb_use_builder":"","_et_pb_old_content":"","_et_gb_content_width":"","footnotes":""},"categories":[37699,37694,37703],"tags":[37772,37983,37759,37986,37984,37987,37758,37985,37982,37863],"class_list":["post-148580","post","type-post","status-publish","format-standard","has-post-thumbnail","hentry","category-30102-es","category-103-es","category-10-es","tag-egipto","tag-erdogan-es","tag-america","tag-grupos-terroristas","tag-norte-de-siria","tag-operaciones-militares-turcas-en-siria","tag-rusia","tag-siamak-kakaie-es","tag-siria","tag-turquia"],"yoast_head":"<!-- This site is optimized with the Yoast SEO plugin v28.1 - https:\/\/yoast.com\/product\/yoast-seo-wordpress\/ -->\n<title>Analizando la nueva pol\u00edtica de Turqu\u00eda hacia Siria - Consejo Estrat\u00e9gico de Relaciones Exteriores<\/title>\n<meta name=\"robots\" content=\"index, follow, max-snippet:-1, max-image-preview:large, max-video-preview:-1\" \/>\n<link rel=\"canonical\" href=\"https:\/\/scfr.ir\/es\/103-es\/148580\/analizando-la-nueva-politica-de-turquia-hacia-siria\/\" \/>\n<script type=\"application\/ld+json\" class=\"yoast-schema-graph\">{\"@context\":\"https:\\\/\\\/schema.org\",\"@graph\":[{\"@type\":\"Article\",\"@id\":\"https:\\\/\\\/scfr.ir\\\/es\\\/103-es\\\/148580\\\/analizando-la-nueva-politica-de-turquia-hacia-siria\\\/#article\",\"isPartOf\":{\"@id\":\"https:\\\/\\\/scfr.ir\\\/es\\\/103-es\\\/148580\\\/analizando-la-nueva-politica-de-turquia-hacia-siria\\\/\"},\"author\":{\"name\":\"\u062c\u0648\u0627\u062f \u0645\u062f\u062f\u06cc\",\"@id\":\"https:\\\/\\\/scfr.ir\\\/fa\\\/#\\\/schema\\\/person\\\/35df72a1a82f18cf1cb487d0c5afdb26\"},\"headline\":\"Analizando la nueva pol\u00edtica de Turqu\u00eda hacia Siria\",\"datePublished\":\"2023-01-28T11:54:04+00:00\",\"mainEntityOfPage\":{\"@id\":\"https:\\\/\\\/scfr.ir\\\/es\\\/103-es\\\/148580\\\/analizando-la-nueva-politica-de-turquia-hacia-siria\\\/\"},\"wordCount\":922,\"commentCount\":0,\"publisher\":{\"@id\":\"https:\\\/\\\/scfr.ir\\\/fa\\\/#organization\"},\"image\":{\"@id\":\"https:\\\/\\\/scfr.ir\\\/es\\\/103-es\\\/148580\\\/analizando-la-nueva-politica-de-turquia-hacia-siria\\\/#primaryimage\"},\"thumbnailUrl\":\"https:\\\/\\\/scfr.ir\\\/wp-content\\\/uploads\\\/2023\\\/01\\\/\u0632\u06cc\u0633\u0637.jpg\",\"keywords\":[\"Egipto\",\"Erdo\u011fan\",\"Estados Unidos\",\"grupos terroristas\",\"norte de siria\",\"Operaciones militares turcas en Siria\",\"Rusia\",\"Siamak Kakaie\",\"Siria\",\"Turqu\u00eda\"],\"articleSection\":[\"Entrevista\",\"Pol\u00edtica\",\"top news\"],\"inLanguage\":\"es\",\"potentialAction\":[{\"@type\":\"CommentAction\",\"name\":\"Comment\",\"target\":[\"https:\\\/\\\/scfr.ir\\\/es\\\/103-es\\\/148580\\\/analizando-la-nueva-politica-de-turquia-hacia-siria\\\/#respond\"]}]},{\"@type\":\"WebPage\",\"@id\":\"https:\\\/\\\/scfr.ir\\\/es\\\/103-es\\\/148580\\\/analizando-la-nueva-politica-de-turquia-hacia-siria\\\/\",\"url\":\"https:\\\/\\\/scfr.ir\\\/es\\\/103-es\\\/148580\\\/analizando-la-nueva-politica-de-turquia-hacia-siria\\\/\",\"name\":\"Analizando la nueva pol\u00edtica de Turqu\u00eda hacia Siria - Consejo Estrat\u00e9gico de Relaciones Exteriores\",\"isPartOf\":{\"@id\":\"https:\\\/\\\/scfr.ir\\\/fa\\\/#website\"},\"primaryImageOfPage\":{\"@id\":\"https:\\\/\\\/scfr.ir\\\/es\\\/103-es\\\/148580\\\/analizando-la-nueva-politica-de-turquia-hacia-siria\\\/#primaryimage\"},\"image\":{\"@id\":\"https:\\\/\\\/scfr.ir\\\/es\\\/103-es\\\/148580\\\/analizando-la-nueva-politica-de-turquia-hacia-siria\\\/#primaryimage\"},\"thumbnailUrl\":\"https:\\\/\\\/scfr.ir\\\/wp-content\\\/uploads\\\/2023\\\/01\\\/\u0632\u06cc\u0633\u0637.jpg\",\"datePublished\":\"2023-01-28T11:54:04+00:00\",\"breadcrumb\":{\"@id\":\"https:\\\/\\\/scfr.ir\\\/es\\\/103-es\\\/148580\\\/analizando-la-nueva-politica-de-turquia-hacia-siria\\\/#breadcrumb\"},\"inLanguage\":\"es\",\"potentialAction\":[{\"@type\":\"ReadAction\",\"target\":[\"https:\\\/\\\/scfr.ir\\\/es\\\/103-es\\\/148580\\\/analizando-la-nueva-politica-de-turquia-hacia-siria\\\/\"]}]},{\"@type\":\"ImageObject\",\"inLanguage\":\"es\",\"@id\":\"https:\\\/\\\/scfr.ir\\\/es\\\/103-es\\\/148580\\\/analizando-la-nueva-politica-de-turquia-hacia-siria\\\/#primaryimage\",\"url\":\"https:\\\/\\\/scfr.ir\\\/wp-content\\\/uploads\\\/2023\\\/01\\\/\u0632\u06cc\u0633\u0637.jpg\",\"contentUrl\":\"https:\\\/\\\/scfr.ir\\\/wp-content\\\/uploads\\\/2023\\\/01\\\/\u0632\u06cc\u0633\u0637.jpg\",\"width\":864,\"height\":492},{\"@type\":\"BreadcrumbList\",\"@id\":\"https:\\\/\\\/scfr.ir\\\/es\\\/103-es\\\/148580\\\/analizando-la-nueva-politica-de-turquia-hacia-siria\\\/#breadcrumb\",\"itemListElement\":[{\"@type\":\"ListItem\",\"position\":1,\"name\":\"\",\"item\":\"https:\\\/\\\/scfr.ir\\\/es\\\/\"},{\"@type\":\"ListItem\",\"position\":2,\"name\":\"\u0646\u0645\u0627\u06cc \u0631\u0627\u0647\u0628\u0631\u062f\u06cc\",\"item\":\"https:\\\/\\\/scfr.ir\\\/fa\\\/category\\\/300\\\/\"},{\"@type\":\"ListItem\",\"position\":3,\"name\":\"\u06af\u0641\u062a\u06af\u0648\",\"item\":\"https:\\\/\\\/scfr.ir\\\/fa\\\/category\\\/300\\\/30102\\\/\"},{\"@type\":\"ListItem\",\"position\":4,\"name\":\"Analizando la nueva pol\u00edtica de Turqu\u00eda hacia Siria\"}]},{\"@type\":\"WebSite\",\"@id\":\"https:\\\/\\\/scfr.ir\\\/fa\\\/#website\",\"url\":\"https:\\\/\\\/scfr.ir\\\/fa\\\/\",\"name\":\"\u0634\u0648\u0631\u0627\u06cc \u0631\u0627\u0647\u0628\u0631\u062f\u06cc \u0631\u0648\u0627\u0628\u0637 \u062e\u0627\u0631\u062c\u06cc\",\"description\":\"\",\"publisher\":{\"@id\":\"https:\\\/\\\/scfr.ir\\\/fa\\\/#organization\"},\"potentialAction\":[{\"@type\":\"SearchAction\",\"target\":{\"@type\":\"EntryPoint\",\"urlTemplate\":\"https:\\\/\\\/scfr.ir\\\/fa\\\/?s={search_term_string}\"},\"query-input\":{\"@type\":\"PropertyValueSpecification\",\"valueRequired\":true,\"valueName\":\"search_term_string\"}}],\"inLanguage\":\"es\"},{\"@type\":\"Organization\",\"@id\":\"https:\\\/\\\/scfr.ir\\\/fa\\\/#organization\",\"name\":\"\u0634\u0648\u0631\u0627\u06cc \u0631\u0627\u0647\u0628\u0631\u062f\u06cc \u0631\u0648\u0627\u0628\u0637 \u062e\u0627\u0631\u062c\u06cc\",\"url\":\"https:\\\/\\\/scfr.ir\\\/fa\\\/\",\"logo\":{\"@type\":\"ImageObject\",\"inLanguage\":\"es\",\"@id\":\"https:\\\/\\\/scfr.ir\\\/fa\\\/#\\\/schema\\\/logo\\\/image\\\/\",\"url\":\"https:\\\/\\\/www.scfr.ir\\\/wp-content\\\/uploads\\\/2023\\\/03\\\/Logo-Blue2.svg\",\"contentUrl\":\"https:\\\/\\\/www.scfr.ir\\\/wp-content\\\/uploads\\\/2023\\\/03\\\/Logo-Blue2.svg\",\"width\":1,\"height\":1,\"caption\":\"\u0634\u0648\u0631\u0627\u06cc \u0631\u0627\u0647\u0628\u0631\u062f\u06cc \u0631\u0648\u0627\u0628\u0637 \u062e\u0627\u0631\u062c\u06cc\"},\"image\":{\"@id\":\"https:\\\/\\\/scfr.ir\\\/fa\\\/#\\\/schema\\\/logo\\\/image\\\/\"}},{\"@type\":\"Person\",\"@id\":\"https:\\\/\\\/scfr.ir\\\/fa\\\/#\\\/schema\\\/person\\\/35df72a1a82f18cf1cb487d0c5afdb26\",\"name\":\"\u062c\u0648\u0627\u062f \u0645\u062f\u062f\u06cc\",\"url\":\"https:\\\/\\\/scfr.ir\\\/es\\\/author\\\/madadi\\\/\"}]}<\/script>\n<!-- \/ Yoast SEO plugin. -->","yoast_head_json":{"title":"Analizando la nueva pol\u00edtica de Turqu\u00eda hacia Siria - Consejo Estrat\u00e9gico de Relaciones Exteriores","robots":{"index":"index","follow":"follow","max-snippet":"max-snippet:-1","max-image-preview":"max-image-preview:large","max-video-preview":"max-video-preview:-1"},"canonical":"https:\/\/scfr.ir\/es\/103-es\/148580\/analizando-la-nueva-politica-de-turquia-hacia-siria\/","schema":{"@context":"https:\/\/schema.org","@graph":[{"@type":"Article","@id":"https:\/\/scfr.ir\/es\/103-es\/148580\/analizando-la-nueva-politica-de-turquia-hacia-siria\/#article","isPartOf":{"@id":"https:\/\/scfr.ir\/es\/103-es\/148580\/analizando-la-nueva-politica-de-turquia-hacia-siria\/"},"author":{"name":"\u062c\u0648\u0627\u062f \u0645\u062f\u062f\u06cc","@id":"https:\/\/scfr.ir\/fa\/#\/schema\/person\/35df72a1a82f18cf1cb487d0c5afdb26"},"headline":"Analizando la nueva pol\u00edtica de Turqu\u00eda hacia Siria","datePublished":"2023-01-28T11:54:04+00:00","mainEntityOfPage":{"@id":"https:\/\/scfr.ir\/es\/103-es\/148580\/analizando-la-nueva-politica-de-turquia-hacia-siria\/"},"wordCount":922,"commentCount":0,"publisher":{"@id":"https:\/\/scfr.ir\/fa\/#organization"},"image":{"@id":"https:\/\/scfr.ir\/es\/103-es\/148580\/analizando-la-nueva-politica-de-turquia-hacia-siria\/#primaryimage"},"thumbnailUrl":"https:\/\/scfr.ir\/wp-content\/uploads\/2023\/01\/\u0632\u06cc\u0633\u0637.jpg","keywords":["Egipto","Erdo\u011fan","Estados Unidos","grupos terroristas","norte de siria","Operaciones militares turcas en Siria","Rusia","Siamak Kakaie","Siria","Turqu\u00eda"],"articleSection":["Entrevista","Pol\u00edtica","top news"],"inLanguage":"es","potentialAction":[{"@type":"CommentAction","name":"Comment","target":["https:\/\/scfr.ir\/es\/103-es\/148580\/analizando-la-nueva-politica-de-turquia-hacia-siria\/#respond"]}]},{"@type":"WebPage","@id":"https:\/\/scfr.ir\/es\/103-es\/148580\/analizando-la-nueva-politica-de-turquia-hacia-siria\/","url":"https:\/\/scfr.ir\/es\/103-es\/148580\/analizando-la-nueva-politica-de-turquia-hacia-siria\/","name":"Analizando la nueva pol\u00edtica de Turqu\u00eda hacia Siria - Consejo Estrat\u00e9gico de Relaciones Exteriores","isPartOf":{"@id":"https:\/\/scfr.ir\/fa\/#website"},"primaryImageOfPage":{"@id":"https:\/\/scfr.ir\/es\/103-es\/148580\/analizando-la-nueva-politica-de-turquia-hacia-siria\/#primaryimage"},"image":{"@id":"https:\/\/scfr.ir\/es\/103-es\/148580\/analizando-la-nueva-politica-de-turquia-hacia-siria\/#primaryimage"},"thumbnailUrl":"https:\/\/scfr.ir\/wp-content\/uploads\/2023\/01\/\u0632\u06cc\u0633\u0637.jpg","datePublished":"2023-01-28T11:54:04+00:00","breadcrumb":{"@id":"https:\/\/scfr.ir\/es\/103-es\/148580\/analizando-la-nueva-politica-de-turquia-hacia-siria\/#breadcrumb"},"inLanguage":"es","potentialAction":[{"@type":"ReadAction","target":["https:\/\/scfr.ir\/es\/103-es\/148580\/analizando-la-nueva-politica-de-turquia-hacia-siria\/"]}]},{"@type":"ImageObject","inLanguage":"es","@id":"https:\/\/scfr.ir\/es\/103-es\/148580\/analizando-la-nueva-politica-de-turquia-hacia-siria\/#primaryimage","url":"https:\/\/scfr.ir\/wp-content\/uploads\/2023\/01\/\u0632\u06cc\u0633\u0637.jpg","contentUrl":"https:\/\/scfr.ir\/wp-content\/uploads\/2023\/01\/\u0632\u06cc\u0633\u0637.jpg","width":864,"height":492},{"@type":"BreadcrumbList","@id":"https:\/\/scfr.ir\/es\/103-es\/148580\/analizando-la-nueva-politica-de-turquia-hacia-siria\/#breadcrumb","itemListElement":[{"@type":"ListItem","position":1,"name":"","item":"https:\/\/scfr.ir\/es\/"},{"@type":"ListItem","position":2,"name":"\u0646\u0645\u0627\u06cc \u0631\u0627\u0647\u0628\u0631\u062f\u06cc","item":"https:\/\/scfr.ir\/fa\/category\/300\/"},{"@type":"ListItem","position":3,"name":"\u06af\u0641\u062a\u06af\u0648","item":"https:\/\/scfr.ir\/fa\/category\/300\/30102\/"},{"@type":"ListItem","position":4,"name":"Analizando la nueva pol\u00edtica de Turqu\u00eda hacia Siria"}]},{"@type":"WebSite","@id":"https:\/\/scfr.ir\/fa\/#website","url":"https:\/\/scfr.ir\/fa\/","name":"\u0634\u0648\u0631\u0627\u06cc \u0631\u0627\u0647\u0628\u0631\u062f\u06cc \u0631\u0648\u0627\u0628\u0637 \u062e\u0627\u0631\u062c\u06cc","description":"","publisher":{"@id":"https:\/\/scfr.ir\/fa\/#organization"},"potentialAction":[{"@type":"SearchAction","target":{"@type":"EntryPoint","urlTemplate":"https:\/\/scfr.ir\/fa\/?s={search_term_string}"},"query-input":{"@type":"PropertyValueSpecification","valueRequired":true,"valueName":"search_term_string"}}],"inLanguage":"es"},{"@type":"Organization","@id":"https:\/\/scfr.ir\/fa\/#organization","name":"\u0634\u0648\u0631\u0627\u06cc \u0631\u0627\u0647\u0628\u0631\u062f\u06cc \u0631\u0648\u0627\u0628\u0637 \u062e\u0627\u0631\u062c\u06cc","url":"https:\/\/scfr.ir\/fa\/","logo":{"@type":"ImageObject","inLanguage":"es","@id":"https:\/\/scfr.ir\/fa\/#\/schema\/logo\/image\/","url":"https:\/\/www.scfr.ir\/wp-content\/uploads\/2023\/03\/Logo-Blue2.svg","contentUrl":"https:\/\/www.scfr.ir\/wp-content\/uploads\/2023\/03\/Logo-Blue2.svg","width":1,"height":1,"caption":"\u0634\u0648\u0631\u0627\u06cc \u0631\u0627\u0647\u0628\u0631\u062f\u06cc \u0631\u0648\u0627\u0628\u0637 \u062e\u0627\u0631\u062c\u06cc"},"image":{"@id":"https:\/\/scfr.ir\/fa\/#\/schema\/logo\/image\/"}},{"@type":"Person","@id":"https:\/\/scfr.ir\/fa\/#\/schema\/person\/35df72a1a82f18cf1cb487d0c5afdb26","name":"\u062c\u0648\u0627\u062f \u0645\u062f\u062f\u06cc","url":"https:\/\/scfr.ir\/es\/author\/madadi\/"}]}},"_links":{"self":[{"href":"https:\/\/scfr.ir\/es\/wp-json\/wp\/v2\/posts\/148580","targetHints":{"allow":["GET"]}}],"collection":[{"href":"https:\/\/scfr.ir\/es\/wp-json\/wp\/v2\/posts"}],"about":[{"href":"https:\/\/scfr.ir\/es\/wp-json\/wp\/v2\/types\/post"}],"author":[{"embeddable":true,"href":"https:\/\/scfr.ir\/es\/wp-json\/wp\/v2\/users\/5"}],"replies":[{"embeddable":true,"href":"https:\/\/scfr.ir\/es\/wp-json\/wp\/v2\/comments?post=148580"}],"version-history":[{"count":0,"href":"https:\/\/scfr.ir\/es\/wp-json\/wp\/v2\/posts\/148580\/revisions"}],"wp:featuredmedia":[{"embeddable":true,"href":"https:\/\/scfr.ir\/es\/wp-json\/wp\/v2\/media\/148514"}],"wp:attachment":[{"href":"https:\/\/scfr.ir\/es\/wp-json\/wp\/v2\/media?parent=148580"}],"wp:term":[{"taxonomy":"category","embeddable":true,"href":"https:\/\/scfr.ir\/es\/wp-json\/wp\/v2\/categories?post=148580"},{"taxonomy":"post_tag","embeddable":true,"href":"https:\/\/scfr.ir\/es\/wp-json\/wp\/v2\/tags?post=148580"}],"curies":[{"name":"wp","href":"https:\/\/api.w.org\/{rel}","templated":true}]}}