{"id":149868,"date":"2023-03-08T19:40:20","date_gmt":"2023-03-08T16:10:20","guid":{"rendered":"https:\/\/www.scfr.ir\/sin-categorizar\/149868\/perspectiva-de-la-ampliacion-de-la-cooperacion-entre-los-eau-y-pakistan\/"},"modified":"2023-03-08T19:40:20","modified_gmt":"2023-03-08T16:10:20","slug":"perspectiva-de-la-ampliacion-de-la-cooperacion-entre-los-eau-y-pakistan","status":"publish","type":"post","link":"https:\/\/scfr.ir\/es\/103-es\/149868\/perspectiva-de-la-ampliacion-de-la-cooperacion-entre-los-eau-y-pakistan\/","title":{"rendered":"Perspectiva de la ampliaci\u00f3n de la cooperaci\u00f3n entre los EAU y Pakist\u00e1n"},"content":{"rendered":"<p>En una entrevista con el sitio web del Consejo Estrat\u00e9gico de Relaciones Exteriores, refiri\u00e9ndose a las relaciones entre Pakist\u00e1n y los EAU y la visita que se supon\u00eda que Mohamed bin Zayed har\u00eda a Islamabad, Behrouz Ayaz dijo: \u201cMohamed bin Zayed, el presidente de los EAU , el 25 de enero durante una visita no oficial a la ciudad de Rahim Yar Khan, en la provincia Punyab en Pakist\u00e1n, se reuni\u00f3 con Shehbaz Sharif, el primer ministro de este pa\u00eds y tras la divulgaci\u00f3n de esta noticia, ten\u00eda previsto visitar Islamabad el lunes 30 de enero\u201d.<\/p>\n<p>Afirmando que este encuentro era una continuaci\u00f3n de la visita de Asim Munir, jefe del Ej\u00e9rcito paquistan\u00ed, a Arabia Saud\u00ed el 5 de enero y su reuni\u00f3n con el ministro de Defensa y el pr\u00edncipe heredero de este pa\u00eds, y que unos d\u00edas despu\u00e9s tambi\u00e9n se reuni\u00f3 con el presidente de los EAU, agreg\u00f3: \u201cEstos viajes se eval\u00faan en la direcci\u00f3n del nuevo orden de Asia Occidental, es decir pasar de Occidente a Oriente, e indican la creaci\u00f3n de un nuevo cap\u00edtulo en las relaciones de Pakist\u00e1n con los pa\u00edses \u00e1rabes del Golfo P\u00e9rsico\u201d.<\/p>\n<p>Al recordar que Pakist\u00e1n ha tenido durante mucho tiempo buenas relaciones con los pa\u00edses \u00e1rabes, especialmente con los EAU, y estas relaciones han sido m\u00e1s estrechas cuando los l\u00edderes de la Liga Musulmana han llegado al poder, este experto en temas asi\u00e1ticos agreg\u00f3: \u201cEAU y Pakist\u00e1n han profundizado sus relaciones en la \u00faltima d\u00e9cada. Shehbaz Sharif ha visitado los EAU tres veces en sus 8 meses como primer ministro, viajes que han tenido car\u00e1cter econ\u00f3mico. Durante este per\u00edodo, ha habido 90 vuelos desde EAU a ciudades pakistan\u00edes cada semana y esta es una prueba clara del alto nivel de relaciones entre los dos pa\u00edses\u201d.<\/p>\n<p>Al enfatizar que lo que se puede evaluar en las nuevas relaciones entre Pakist\u00e1n y los EAU son las necesidades econ\u00f3micas de Pakist\u00e1n y las demandas pol\u00edtico-militares de los EAU como un actor activo en Asia Occidental, Ayaz dijo: \u201cLa econom\u00eda de Pakist\u00e1n es fr\u00e1gil y se basa en la agricultura y que por su ubicaci\u00f3n geogr\u00e1fica, la inundaci\u00f3n siempre ha sido su enemigo mortal. Este caso, junto con la gran poblaci\u00f3n de este pa\u00eds y la corrupci\u00f3n estructural pol\u00edtica y econ\u00f3mica, han afectado el estado actual de la econom\u00eda del pa\u00eds\u201d.<\/p>\n<p>Continu\u00f3: \u201cLa econom\u00eda de Pakist\u00e1n siempre ha dependido de la ayuda financiera y los pr\u00e9stamos extranjeros m\u00e1s que de la producci\u00f3n nacional. Pakist\u00e1n es uno de los pa\u00edses m\u00e1s endeudados de Asia, con una deuda externa de alrededor de 127 mil millones de d\u00f3lares, que es casi un tercio de su producto nacional bruto, que es de 348 mil millones de d\u00f3lares. La deuda del pa\u00eds con los EAU es de m\u00e1s de dos mil millones de d\u00f3lares\u201d.<\/p>\n<p>Al afirmar que los EAU son la tercera econom\u00eda m\u00e1s grande de Asia Occidental despu\u00e9s de Arabia Saud\u00ed y Turqu\u00eda, y que este pa\u00eds tambi\u00e9n es conocido hoy en d\u00eda como un jugador exitoso en las tecnolog\u00edas verdes, Ayaz explic\u00f3 las ventajas econ\u00f3micas de los EAU para Pakist\u00e1n y las empresas que probablemente invertir\u00e1n en Pakist\u00e1n.<\/p>\n<p>Refiri\u00e9ndose a la importancia de Asia Occidental para Pakist\u00e1n, mencion\u00f3 que hasta el momento Shehbaz Sharif ha realizado 10 viajes oficiales, 8 de los cuales han sido a Asia Occidental y dijo: \u201cLa mano de obra pakistan\u00ed es considerada como el segundo grupo nacional m\u00e1s grande, despu\u00e9s de la India, en este pa\u00eds. Los paquistan\u00edes tambi\u00e9n est\u00e1n trabajando en Arabia Saud\u00ed y las divisas que ganan son muy importantes para Pakist\u00e1n\u201d.<\/p>\n<p>Ayaz se\u00f1al\u00f3: \u201cLa balanza comercial de los dos pa\u00edses alcanz\u00f3 m\u00e1s de 10 500 millones de d\u00f3lares desde los 5500 millones del a\u00f1o pasado. Los dos pa\u00edses planean aumentar su balanza comercial a 15 000 millones de d\u00f3lares en los pr\u00f3ximos tres a\u00f1os y a 40 000 millones de d\u00f3lares en los pr\u00f3ximos 10 a\u00f1os. Es por esto que Pakist\u00e1n considera a los pa\u00edses \u00e1rabes del Golfo P\u00e9rsico, especialmente a los EAU y Arabia Saud\u00ed, como un apoyo importante para salvar su econom\u00eda\u201d.<\/p>\n<p>Al afirmar que en la \u00faltima d\u00e9cada, los EAU han pasado de ser un actor moderado y pasivo a un actor activo e intervencionista en los campos pol\u00edticos y econ\u00f3micos, lo que es resultado de los cambios estructurales y el orden de seguridad del mundo y de Asia Occidental, continu\u00f3: \u201cAlgunos fen\u00f3menos como la \u2018primavera \u00e1rabe\u2019 y el trato de Estados Unidos con esos pa\u00edses, as\u00ed como con Irak y Afganist\u00e1n, ha sido una experiencia instructiva para los pa\u00edses \u00e1rabes del Golfo P\u00e9rsico, especialmente los EAU y Arabia Saud\u00ed, para que se den cuenta de que Estados Unidos no es un apoyo confiable y deber\u00edan prestar m\u00e1s atenci\u00f3n a la \u2018autoayuda\u2019 y mirar hacia el Este y as\u00ed se podr\u00eda justificar su cooperaci\u00f3n con Rusia y China\u201d.<\/p>\n<p>Este experto en temas asi\u00e1ticos dijo: \u201cEl a\u00f1o pasado, la revelaci\u00f3n del establecimiento de instalaciones militares y de armas de China en los EAU enfureci\u00f3 a Washington. Esta es una prueba de la atenci\u00f3n de los EAU hacia el Este y la autoayuda, especialmente despu\u00e9s de que Estados Unidos se negara a vender el avanzado avi\u00f3n de combate F-35 a los EAU\u201d.<\/p>\n<p>Ayaz consider\u00f3 las relaciones actuales de los EAU con Islamabad, especialmente los viajes recientes de Asim Munir a los EAU y Arabia Saud\u00ed, en el contexto de la ayuda militar de Pakist\u00e1n a los EAU a cambio de ayuda econ\u00f3mica y la creaci\u00f3n de un nuevo orden en la regi\u00f3n, y agreg\u00f3: \u201cAdem\u00e1s de esto, existe la posibilidad de que Abu Dabi est\u00e9 tratando de normalizar las relaciones entre Pakist\u00e1n y el r\u00e9gimen sionista (sin reconocerlo)\u201d.<\/p>\n<p>Al referirse a la cancelaci\u00f3n del viaje de Mohamed bin Zayed a Islamabad con el pretexto de las condiciones clim\u00e1ticas, explic\u00f3: \u201cParece que las condiciones de seguridad, especialmente el reciente ataque terrorista, fueron la principal raz\u00f3n de la anulaci\u00f3n del viaje, porque esta oportunidad le pareci\u00f3 muy adecuada a Talib\u00e1n para llamar la atenci\u00f3n y poner sus demandas sobre la mesa. No obstante, los recientes acontecimientos muestran la profundizaci\u00f3n de las relaciones de Pakist\u00e1n con los pa\u00edses \u00e1rabes del Golfo P\u00e9rsico, centr\u00e1ndose en la asistencia econ\u00f3mica a cambio de asistencia militar y una posible inclinaci\u00f3n hacia el tema del r\u00e9gimen sionista, por supuesto, cualquier interacci\u00f3n con el r\u00e9gimen sionista se enfrentar\u00e1 a una fuerte reacci\u00f3n de la opini\u00f3n p\u00fablica en Pakist\u00e1n\u201d.<\/p>\n<p>Este analista de temas asi\u00e1ticos se\u00f1al\u00f3 que Pakist\u00e1n puede jugar un papel importante en la ampliaci\u00f3n de las relaciones entre Pek\u00edn y Abu Dabi. Si Pakist\u00e1n est\u00e1 seguro de la asistencia econ\u00f3mica de los pa\u00edses \u00e1rabes del Golfo P\u00e9rsico, probablemente pondr\u00e1 en su agenda la degradaci\u00f3n de las relaciones con Estados Unidos, y este es un tema del que los pa\u00edses \u00e1rabes, junto con Rusia y China, est\u00e1n informados. La regi\u00f3n de Asia Occidental est\u00e1 presenciando un nuevo orden de seguridad que necesita fortalecerse m\u00e1s militarmente y Pakist\u00e1n puede desempe\u00f1ar un papel importante en ello. La mirada de los pa\u00edses \u00e1rabes del Golfo P\u00e9rsico hacia el Este tambi\u00e9n puede evaluarse en este sentido.<\/p>\n","protected":false},"excerpt":{"rendered":"<p>Consejo Estrat\u00e9gico en l\u00ednea, entrevista: Un experto en temas asi\u00e1ticos, afirmando que los recientes acontecimientos muestran la profundizaci\u00f3n de las relaciones de Pakist\u00e1n con los pa\u00edses \u00e1rabes del Golfo P\u00e9rsico, centr\u00e1ndose en la asistencia econ\u00f3mica a cambio de asistencia militar, dijo: \u201cLa regi\u00f3n de Asia Occidental est\u00e1 presenciando un nuevo orden de seguridad y necesita fortalecerse m\u00e1s militarmente, y la mirada de los pa\u00edses \u00e1rabes del Golfo P\u00e9rsico al Este y Pakist\u00e1n, se puede evaluar en este sentido\u201d.<\/p>\n","protected":false},"author":5,"featured_media":148867,"comment_status":"open","ping_status":"open","sticky":false,"template":"","format":"standard","meta":{"_et_pb_use_builder":"","_et_pb_old_content":"","_et_gb_content_width":"","footnotes":""},"categories":[37699,37694,37703],"tags":[37771,38085,38390,37791,37792,37759,38391,38395,38281,38393,38394,38283,37789,38392,37758,37863],"class_list":["post-149868","post","type-post","status-publish","format-standard","has-post-thumbnail","hentry","category-30102-es","category-103-es","category-10-es","tag-arabia","tag-oriente-medio","tag-behrouz-ayaz-es","tag-china-es","tag-emiratos-arabes-unidos","tag-america","tag-golfo-persico","tag-grupo-tehreek-e-taliban","tag-india-es","tag-normalizacion-de-las-relaciones-entre-pakistan-y-el-regimen-sionista","tag-paises-arabes-del-golfo-persico","tag-pakistan-es","tag-israel-es","tag-relaciones-pakistan-eau","tag-rusia","tag-turquia"],"yoast_head":"<!-- This site is optimized with the Yoast SEO plugin v28.1 - https:\/\/yoast.com\/product\/yoast-seo-wordpress\/ -->\n<title>Perspectiva de la ampliaci\u00f3n de la cooperaci\u00f3n entre los EAU y Pakist\u00e1n - Consejo Estrat\u00e9gico de Relaciones Exteriores<\/title>\n<meta name=\"robots\" content=\"index, follow, max-snippet:-1, max-image-preview:large, max-video-preview:-1\" \/>\n<link rel=\"canonical\" href=\"https:\/\/scfr.ir\/es\/103-es\/149868\/perspectiva-de-la-ampliacion-de-la-cooperacion-entre-los-eau-y-pakistan\/\" \/>\n<script type=\"application\/ld+json\" class=\"yoast-schema-graph\">{\"@context\":\"https:\\\/\\\/schema.org\",\"@graph\":[{\"@type\":\"Article\",\"@id\":\"https:\\\/\\\/scfr.ir\\\/es\\\/103-es\\\/149868\\\/perspectiva-de-la-ampliacion-de-la-cooperacion-entre-los-eau-y-pakistan\\\/#article\",\"isPartOf\":{\"@id\":\"https:\\\/\\\/scfr.ir\\\/es\\\/103-es\\\/149868\\\/perspectiva-de-la-ampliacion-de-la-cooperacion-entre-los-eau-y-pakistan\\\/\"},\"author\":{\"name\":\"\u062c\u0648\u0627\u062f \u0645\u062f\u062f\u06cc\",\"@id\":\"https:\\\/\\\/scfr.ir\\\/fa\\\/#\\\/schema\\\/person\\\/35df72a1a82f18cf1cb487d0c5afdb26\"},\"headline\":\"Perspectiva de la ampliaci\u00f3n de la cooperaci\u00f3n entre los EAU y Pakist\u00e1n\",\"datePublished\":\"2023-03-08T16:10:20+00:00\",\"mainEntityOfPage\":{\"@id\":\"https:\\\/\\\/scfr.ir\\\/es\\\/103-es\\\/149868\\\/perspectiva-de-la-ampliacion-de-la-cooperacion-entre-los-eau-y-pakistan\\\/\"},\"wordCount\":1338,\"commentCount\":0,\"publisher\":{\"@id\":\"https:\\\/\\\/scfr.ir\\\/fa\\\/#organization\"},\"image\":{\"@id\":\"https:\\\/\\\/scfr.ir\\\/es\\\/103-es\\\/149868\\\/perspectiva-de-la-ampliacion-de-la-cooperacion-entre-los-eau-y-pakistan\\\/#primaryimage\"},\"thumbnailUrl\":\"https:\\\/\\\/scfr.ir\\\/wp-content\\\/uploads\\\/2023\\\/02\\\/\u0627\u0644\u0641\u0632.jpg\",\"keywords\":[\"Arabia Saud\u00ed\",\"Asia Occidental\",\"Behrouz Ayaz\",\"China\",\"Emiratos \u00c1rabes Unidos\",\"Estados Unidos\",\"Golfo p\u00e9rsico\",\"grupo Tehreek-e-Talib\u00e1n\",\"India\",\"Normalizaci\u00f3n de las relaciones entre Pakist\u00e1n y el r\u00e9gimen sionista\",\"Pa\u00edses \u00e1rabes del Golfo P\u00e9rsico\",\"Pakist\u00e1n\",\"R\u00e9gimen sionista\",\"Relaciones Pakist\u00e1n-EAU\",\"Rusia\",\"Turqu\u00eda\"],\"articleSection\":[\"Entrevista\",\"Pol\u00edtica\",\"top news\"],\"inLanguage\":\"es\",\"potentialAction\":[{\"@type\":\"CommentAction\",\"name\":\"Comment\",\"target\":[\"https:\\\/\\\/scfr.ir\\\/es\\\/103-es\\\/149868\\\/perspectiva-de-la-ampliacion-de-la-cooperacion-entre-los-eau-y-pakistan\\\/#respond\"]}]},{\"@type\":\"WebPage\",\"@id\":\"https:\\\/\\\/scfr.ir\\\/es\\\/103-es\\\/149868\\\/perspectiva-de-la-ampliacion-de-la-cooperacion-entre-los-eau-y-pakistan\\\/\",\"url\":\"https:\\\/\\\/scfr.ir\\\/es\\\/103-es\\\/149868\\\/perspectiva-de-la-ampliacion-de-la-cooperacion-entre-los-eau-y-pakistan\\\/\",\"name\":\"Perspectiva de la ampliaci\u00f3n de la cooperaci\u00f3n entre los EAU y Pakist\u00e1n - Consejo Estrat\u00e9gico de Relaciones Exteriores\",\"isPartOf\":{\"@id\":\"https:\\\/\\\/scfr.ir\\\/fa\\\/#website\"},\"primaryImageOfPage\":{\"@id\":\"https:\\\/\\\/scfr.ir\\\/es\\\/103-es\\\/149868\\\/perspectiva-de-la-ampliacion-de-la-cooperacion-entre-los-eau-y-pakistan\\\/#primaryimage\"},\"image\":{\"@id\":\"https:\\\/\\\/scfr.ir\\\/es\\\/103-es\\\/149868\\\/perspectiva-de-la-ampliacion-de-la-cooperacion-entre-los-eau-y-pakistan\\\/#primaryimage\"},\"thumbnailUrl\":\"https:\\\/\\\/scfr.ir\\\/wp-content\\\/uploads\\\/2023\\\/02\\\/\u0627\u0644\u0641\u0632.jpg\",\"datePublished\":\"2023-03-08T16:10:20+00:00\",\"breadcrumb\":{\"@id\":\"https:\\\/\\\/scfr.ir\\\/es\\\/103-es\\\/149868\\\/perspectiva-de-la-ampliacion-de-la-cooperacion-entre-los-eau-y-pakistan\\\/#breadcrumb\"},\"inLanguage\":\"es\",\"potentialAction\":[{\"@type\":\"ReadAction\",\"target\":[\"https:\\\/\\\/scfr.ir\\\/es\\\/103-es\\\/149868\\\/perspectiva-de-la-ampliacion-de-la-cooperacion-entre-los-eau-y-pakistan\\\/\"]}]},{\"@type\":\"ImageObject\",\"inLanguage\":\"es\",\"@id\":\"https:\\\/\\\/scfr.ir\\\/es\\\/103-es\\\/149868\\\/perspectiva-de-la-ampliacion-de-la-cooperacion-entre-los-eau-y-pakistan\\\/#primaryimage\",\"url\":\"https:\\\/\\\/scfr.ir\\\/wp-content\\\/uploads\\\/2023\\\/02\\\/\u0627\u0644\u0641\u0632.jpg\",\"contentUrl\":\"https:\\\/\\\/scfr.ir\\\/wp-content\\\/uploads\\\/2023\\\/02\\\/\u0627\u0644\u0641\u0632.jpg\",\"width\":1024,\"height\":653},{\"@type\":\"BreadcrumbList\",\"@id\":\"https:\\\/\\\/scfr.ir\\\/es\\\/103-es\\\/149868\\\/perspectiva-de-la-ampliacion-de-la-cooperacion-entre-los-eau-y-pakistan\\\/#breadcrumb\",\"itemListElement\":[{\"@type\":\"ListItem\",\"position\":1,\"name\":\"\",\"item\":\"https:\\\/\\\/scfr.ir\\\/es\\\/\"},{\"@type\":\"ListItem\",\"position\":2,\"name\":\"\u0646\u0645\u0627\u06cc \u0631\u0627\u0647\u0628\u0631\u062f\u06cc\",\"item\":\"https:\\\/\\\/scfr.ir\\\/fa\\\/category\\\/300\\\/\"},{\"@type\":\"ListItem\",\"position\":3,\"name\":\"\u06af\u0641\u062a\u06af\u0648\",\"item\":\"https:\\\/\\\/scfr.ir\\\/fa\\\/category\\\/300\\\/30102\\\/\"},{\"@type\":\"ListItem\",\"position\":4,\"name\":\"Perspectiva de la ampliaci\u00f3n de la cooperaci\u00f3n entre los EAU y Pakist\u00e1n\"}]},{\"@type\":\"WebSite\",\"@id\":\"https:\\\/\\\/scfr.ir\\\/fa\\\/#website\",\"url\":\"https:\\\/\\\/scfr.ir\\\/fa\\\/\",\"name\":\"\u0634\u0648\u0631\u0627\u06cc \u0631\u0627\u0647\u0628\u0631\u062f\u06cc \u0631\u0648\u0627\u0628\u0637 \u062e\u0627\u0631\u062c\u06cc\",\"description\":\"\",\"publisher\":{\"@id\":\"https:\\\/\\\/scfr.ir\\\/fa\\\/#organization\"},\"potentialAction\":[{\"@type\":\"SearchAction\",\"target\":{\"@type\":\"EntryPoint\",\"urlTemplate\":\"https:\\\/\\\/scfr.ir\\\/fa\\\/?s={search_term_string}\"},\"query-input\":{\"@type\":\"PropertyValueSpecification\",\"valueRequired\":true,\"valueName\":\"search_term_string\"}}],\"inLanguage\":\"es\"},{\"@type\":\"Organization\",\"@id\":\"https:\\\/\\\/scfr.ir\\\/fa\\\/#organization\",\"name\":\"\u0634\u0648\u0631\u0627\u06cc \u0631\u0627\u0647\u0628\u0631\u062f\u06cc \u0631\u0648\u0627\u0628\u0637 \u062e\u0627\u0631\u062c\u06cc\",\"url\":\"https:\\\/\\\/scfr.ir\\\/fa\\\/\",\"logo\":{\"@type\":\"ImageObject\",\"inLanguage\":\"es\",\"@id\":\"https:\\\/\\\/scfr.ir\\\/fa\\\/#\\\/schema\\\/logo\\\/image\\\/\",\"url\":\"https:\\\/\\\/www.scfr.ir\\\/wp-content\\\/uploads\\\/2023\\\/03\\\/Logo-Blue2.svg\",\"contentUrl\":\"https:\\\/\\\/www.scfr.ir\\\/wp-content\\\/uploads\\\/2023\\\/03\\\/Logo-Blue2.svg\",\"width\":1,\"height\":1,\"caption\":\"\u0634\u0648\u0631\u0627\u06cc \u0631\u0627\u0647\u0628\u0631\u062f\u06cc \u0631\u0648\u0627\u0628\u0637 \u062e\u0627\u0631\u062c\u06cc\"},\"image\":{\"@id\":\"https:\\\/\\\/scfr.ir\\\/fa\\\/#\\\/schema\\\/logo\\\/image\\\/\"}},{\"@type\":\"Person\",\"@id\":\"https:\\\/\\\/scfr.ir\\\/fa\\\/#\\\/schema\\\/person\\\/35df72a1a82f18cf1cb487d0c5afdb26\",\"name\":\"\u062c\u0648\u0627\u062f \u0645\u062f\u062f\u06cc\",\"url\":\"https:\\\/\\\/scfr.ir\\\/es\\\/author\\\/madadi\\\/\"}]}<\/script>\n<!-- \/ Yoast SEO plugin. -->","yoast_head_json":{"title":"Perspectiva de la ampliaci\u00f3n de la cooperaci\u00f3n entre los EAU y Pakist\u00e1n - Consejo Estrat\u00e9gico de Relaciones Exteriores","robots":{"index":"index","follow":"follow","max-snippet":"max-snippet:-1","max-image-preview":"max-image-preview:large","max-video-preview":"max-video-preview:-1"},"canonical":"https:\/\/scfr.ir\/es\/103-es\/149868\/perspectiva-de-la-ampliacion-de-la-cooperacion-entre-los-eau-y-pakistan\/","schema":{"@context":"https:\/\/schema.org","@graph":[{"@type":"Article","@id":"https:\/\/scfr.ir\/es\/103-es\/149868\/perspectiva-de-la-ampliacion-de-la-cooperacion-entre-los-eau-y-pakistan\/#article","isPartOf":{"@id":"https:\/\/scfr.ir\/es\/103-es\/149868\/perspectiva-de-la-ampliacion-de-la-cooperacion-entre-los-eau-y-pakistan\/"},"author":{"name":"\u062c\u0648\u0627\u062f \u0645\u062f\u062f\u06cc","@id":"https:\/\/scfr.ir\/fa\/#\/schema\/person\/35df72a1a82f18cf1cb487d0c5afdb26"},"headline":"Perspectiva de la ampliaci\u00f3n de la cooperaci\u00f3n entre los EAU y Pakist\u00e1n","datePublished":"2023-03-08T16:10:20+00:00","mainEntityOfPage":{"@id":"https:\/\/scfr.ir\/es\/103-es\/149868\/perspectiva-de-la-ampliacion-de-la-cooperacion-entre-los-eau-y-pakistan\/"},"wordCount":1338,"commentCount":0,"publisher":{"@id":"https:\/\/scfr.ir\/fa\/#organization"},"image":{"@id":"https:\/\/scfr.ir\/es\/103-es\/149868\/perspectiva-de-la-ampliacion-de-la-cooperacion-entre-los-eau-y-pakistan\/#primaryimage"},"thumbnailUrl":"https:\/\/scfr.ir\/wp-content\/uploads\/2023\/02\/\u0627\u0644\u0641\u0632.jpg","keywords":["Arabia Saud\u00ed","Asia Occidental","Behrouz Ayaz","China","Emiratos \u00c1rabes Unidos","Estados Unidos","Golfo p\u00e9rsico","grupo Tehreek-e-Talib\u00e1n","India","Normalizaci\u00f3n de las relaciones entre Pakist\u00e1n y el r\u00e9gimen sionista","Pa\u00edses \u00e1rabes del Golfo P\u00e9rsico","Pakist\u00e1n","R\u00e9gimen sionista","Relaciones Pakist\u00e1n-EAU","Rusia","Turqu\u00eda"],"articleSection":["Entrevista","Pol\u00edtica","top news"],"inLanguage":"es","potentialAction":[{"@type":"CommentAction","name":"Comment","target":["https:\/\/scfr.ir\/es\/103-es\/149868\/perspectiva-de-la-ampliacion-de-la-cooperacion-entre-los-eau-y-pakistan\/#respond"]}]},{"@type":"WebPage","@id":"https:\/\/scfr.ir\/es\/103-es\/149868\/perspectiva-de-la-ampliacion-de-la-cooperacion-entre-los-eau-y-pakistan\/","url":"https:\/\/scfr.ir\/es\/103-es\/149868\/perspectiva-de-la-ampliacion-de-la-cooperacion-entre-los-eau-y-pakistan\/","name":"Perspectiva de la ampliaci\u00f3n de la cooperaci\u00f3n entre los EAU y Pakist\u00e1n - Consejo Estrat\u00e9gico de Relaciones Exteriores","isPartOf":{"@id":"https:\/\/scfr.ir\/fa\/#website"},"primaryImageOfPage":{"@id":"https:\/\/scfr.ir\/es\/103-es\/149868\/perspectiva-de-la-ampliacion-de-la-cooperacion-entre-los-eau-y-pakistan\/#primaryimage"},"image":{"@id":"https:\/\/scfr.ir\/es\/103-es\/149868\/perspectiva-de-la-ampliacion-de-la-cooperacion-entre-los-eau-y-pakistan\/#primaryimage"},"thumbnailUrl":"https:\/\/scfr.ir\/wp-content\/uploads\/2023\/02\/\u0627\u0644\u0641\u0632.jpg","datePublished":"2023-03-08T16:10:20+00:00","breadcrumb":{"@id":"https:\/\/scfr.ir\/es\/103-es\/149868\/perspectiva-de-la-ampliacion-de-la-cooperacion-entre-los-eau-y-pakistan\/#breadcrumb"},"inLanguage":"es","potentialAction":[{"@type":"ReadAction","target":["https:\/\/scfr.ir\/es\/103-es\/149868\/perspectiva-de-la-ampliacion-de-la-cooperacion-entre-los-eau-y-pakistan\/"]}]},{"@type":"ImageObject","inLanguage":"es","@id":"https:\/\/scfr.ir\/es\/103-es\/149868\/perspectiva-de-la-ampliacion-de-la-cooperacion-entre-los-eau-y-pakistan\/#primaryimage","url":"https:\/\/scfr.ir\/wp-content\/uploads\/2023\/02\/\u0627\u0644\u0641\u0632.jpg","contentUrl":"https:\/\/scfr.ir\/wp-content\/uploads\/2023\/02\/\u0627\u0644\u0641\u0632.jpg","width":1024,"height":653},{"@type":"BreadcrumbList","@id":"https:\/\/scfr.ir\/es\/103-es\/149868\/perspectiva-de-la-ampliacion-de-la-cooperacion-entre-los-eau-y-pakistan\/#breadcrumb","itemListElement":[{"@type":"ListItem","position":1,"name":"","item":"https:\/\/scfr.ir\/es\/"},{"@type":"ListItem","position":2,"name":"\u0646\u0645\u0627\u06cc \u0631\u0627\u0647\u0628\u0631\u062f\u06cc","item":"https:\/\/scfr.ir\/fa\/category\/300\/"},{"@type":"ListItem","position":3,"name":"\u06af\u0641\u062a\u06af\u0648","item":"https:\/\/scfr.ir\/fa\/category\/300\/30102\/"},{"@type":"ListItem","position":4,"name":"Perspectiva de la ampliaci\u00f3n de la cooperaci\u00f3n entre los EAU y Pakist\u00e1n"}]},{"@type":"WebSite","@id":"https:\/\/scfr.ir\/fa\/#website","url":"https:\/\/scfr.ir\/fa\/","name":"\u0634\u0648\u0631\u0627\u06cc \u0631\u0627\u0647\u0628\u0631\u062f\u06cc \u0631\u0648\u0627\u0628\u0637 \u062e\u0627\u0631\u062c\u06cc","description":"","publisher":{"@id":"https:\/\/scfr.ir\/fa\/#organization"},"potentialAction":[{"@type":"SearchAction","target":{"@type":"EntryPoint","urlTemplate":"https:\/\/scfr.ir\/fa\/?s={search_term_string}"},"query-input":{"@type":"PropertyValueSpecification","valueRequired":true,"valueName":"search_term_string"}}],"inLanguage":"es"},{"@type":"Organization","@id":"https:\/\/scfr.ir\/fa\/#organization","name":"\u0634\u0648\u0631\u0627\u06cc \u0631\u0627\u0647\u0628\u0631\u062f\u06cc \u0631\u0648\u0627\u0628\u0637 \u062e\u0627\u0631\u062c\u06cc","url":"https:\/\/scfr.ir\/fa\/","logo":{"@type":"ImageObject","inLanguage":"es","@id":"https:\/\/scfr.ir\/fa\/#\/schema\/logo\/image\/","url":"https:\/\/www.scfr.ir\/wp-content\/uploads\/2023\/03\/Logo-Blue2.svg","contentUrl":"https:\/\/www.scfr.ir\/wp-content\/uploads\/2023\/03\/Logo-Blue2.svg","width":1,"height":1,"caption":"\u0634\u0648\u0631\u0627\u06cc \u0631\u0627\u0647\u0628\u0631\u062f\u06cc \u0631\u0648\u0627\u0628\u0637 \u062e\u0627\u0631\u062c\u06cc"},"image":{"@id":"https:\/\/scfr.ir\/fa\/#\/schema\/logo\/image\/"}},{"@type":"Person","@id":"https:\/\/scfr.ir\/fa\/#\/schema\/person\/35df72a1a82f18cf1cb487d0c5afdb26","name":"\u062c\u0648\u0627\u062f \u0645\u062f\u062f\u06cc","url":"https:\/\/scfr.ir\/es\/author\/madadi\/"}]}},"_links":{"self":[{"href":"https:\/\/scfr.ir\/es\/wp-json\/wp\/v2\/posts\/149868","targetHints":{"allow":["GET"]}}],"collection":[{"href":"https:\/\/scfr.ir\/es\/wp-json\/wp\/v2\/posts"}],"about":[{"href":"https:\/\/scfr.ir\/es\/wp-json\/wp\/v2\/types\/post"}],"author":[{"embeddable":true,"href":"https:\/\/scfr.ir\/es\/wp-json\/wp\/v2\/users\/5"}],"replies":[{"embeddable":true,"href":"https:\/\/scfr.ir\/es\/wp-json\/wp\/v2\/comments?post=149868"}],"version-history":[{"count":0,"href":"https:\/\/scfr.ir\/es\/wp-json\/wp\/v2\/posts\/149868\/revisions"}],"wp:featuredmedia":[{"embeddable":true,"href":"https:\/\/scfr.ir\/es\/wp-json\/wp\/v2\/media\/148867"}],"wp:attachment":[{"href":"https:\/\/scfr.ir\/es\/wp-json\/wp\/v2\/media?parent=149868"}],"wp:term":[{"taxonomy":"category","embeddable":true,"href":"https:\/\/scfr.ir\/es\/wp-json\/wp\/v2\/categories?post=149868"},{"taxonomy":"post_tag","embeddable":true,"href":"https:\/\/scfr.ir\/es\/wp-json\/wp\/v2\/tags?post=149868"}],"curies":[{"name":"wp","href":"https:\/\/api.w.org\/{rel}","templated":true}]}}