{"id":295950,"date":"2024-06-02T17:23:01","date_gmt":"2024-06-02T12:53:01","guid":{"rendered":"https:\/\/www.scfr.ir\/sin-categorizar\/295950\/%d9%85%d8%ad%d8%af%d9%88%d8%af%db%8c%d8%aa%d9%87%d8%a7%db%8c-%d8%a7%d8%b3%d8%aa%d9%81%d8%a7%d8%af%d9%87-%d8%a7%d9%88%da%a9%d8%b1%d8%a7%db%8c%d9%86-%d8%a7%d8%b2-%d8%b3%d9%84\/"},"modified":"2024-06-02T17:23:01","modified_gmt":"2024-06-02T12:53:01","slug":"%d9%85%d8%ad%d8%af%d9%88%d8%af%db%8c%d8%aa%d9%87%d8%a7%db%8c-%d8%a7%d8%b3%d8%aa%d9%81%d8%a7%d8%af%d9%87-%d8%a7%d9%88%da%a9%d8%b1%d8%a7%db%8c%d9%86-%d8%a7%d8%b2-%d8%b3%d9%84","status":"publish","type":"post","link":"https:\/\/scfr.ir\/es\/102-es\/295950\/%d9%85%d8%ad%d8%af%d9%88%d8%af%db%8c%d8%aa%d9%87%d8%a7%db%8c-%d8%a7%d8%b3%d8%aa%d9%81%d8%a7%d8%af%d9%87-%d8%a7%d9%88%da%a9%d8%b1%d8%a7%db%8c%d9%86-%d8%a7%d8%b2-%d8%b3%d9%84\/","title":{"rendered":"Restricciones al uso de armas occidentales por parte de Ucrania en la guerra con Rusia"},"content":{"rendered":"<p>En una entrevista con el sitio web del Consejo Estrat\u00e9gico de Relaciones Exteriores, sobre las recientes declaraciones del secretario general de la OTAN de que Ucrania tiene las manos atadas debido a las restricciones en el uso de armas enviadas por sus aliados occidentales para atacar a Rusia, Amir Ali Abolfath dijo: \u201cCon el paso del tiempo, Occidente se hace m\u00e1s decidido a intervenir de manera m\u00e1s abierta y directa en la guerra entre Ucrania y Rusia. Sobre todo porque en los \u00faltimos meses qued\u00f3 claro que Ucrania no puede enfrentarse a Rusia por s\u00ed sola, ya que Occidente y Estados Unidos tambi\u00e9n retrasaron el env\u00edo de ayuda financiera y armas a Ucrania. Durante este tiempo, las municiones de Ucrania se agotaron y Rusia tuvo un avance significativo\u201d.<\/p>\n<p>Abolfatah continu\u00f3: \u201cLa estrategia armamentista de Europa se basa en fabricar armas y venderlas, no en almacenarlas; Por lo tanto, los pa\u00edses occidentales no tienen armas en sus almacenes y deben construirlas, y es natural que lleve tiempo fabricar armas\u201d.<\/p>\n<p>Este experto en temas internacionales dijo: \u201cSi Occidente y Estados Unidos quieren que Rusia no gane esta guerra y no avance m\u00e1s, deber\u00edan entrar directamente en la guerra, pero tienen muchas limitaciones para esta acci\u00f3n, la m\u00e1s importante de las cuales es la amenaza de Rusia de utilizar armas nucleares en caso de que Estados Unidos y Europa entren directamente en la guerra\u201d.<\/p>\n<p>Se\u00f1al\u00f3: \u201cEn cuanto a la cuesti\u00f3n del uso y env\u00edo de armas europeas y estadounidenses a Ucrania, la cuesti\u00f3n importante es: \u00bfEstas armas se utilizan para liberar los territorios perdidos de Ucrania o para atacar las posiciones militares y de infraestructura de Rusia? Ucrania insiste en que sus ataques militares, con cualquier arma, se llevan a cabo para liberar las zonas ocupadas de su propio territorio, mientras que Rusia tiene una opini\u00f3n completamente opuesta y considera las zonas ocupadas tras el inicio de la guerra como parte de su propio territorio\u201d.<\/p>\n<p>Abolfatah dijo: \u201cAdem\u00e1s, existe otra preocupaci\u00f3n importante. Si estas armas van m\u00e1s all\u00e1 de las \u00e1reas ocupadas de Ucrania y se utilizan para atacar partes de otras ciudades rusas, Ucrania enfrentar\u00e1 una seria amenaza por parte de Rusia. En este caso, Rusia podr\u00eda utilizar sus armas nucleares t\u00e1cticas o en miniatura. Por ello, el temor al inicio de una guerra nuclear ha hecho que los proveedores de armas de Ucrania se vean presionados y act\u00faen con cautela. Hasta hoy, excepto Inglaterra, los pa\u00edses que suministran armas a Kiev no han permitido a los dirigentes ucranianos utilizar sus armas en la guerra\u201d.<\/p>\n<p>Al enfatizar que Ucrania no puede ganar la guerra con Rusia con el uso limitado de armas europeas y estadounidenses, este experto en asuntos internacionales dijo: \u201cSin llevar la guerra profundamente al territorio ruso con un equipo completo, Ucrania no puede vencer a Rusia\u201d.<\/p>\n<p>A\u00f1adi\u00f3: \u201cPero si gradualmente la esperanza de una victoria de Ucrania en la guerra con Rusia desaparece, tal vez Estados Unidos acepte eliminar las restricciones al uso de armas europeas y estadounidenses en las zonas ocupadas y m\u00e1s all\u00e1, pero esto no tiene necesariamente que ver con el conflicto entre Rusia y Ucrania, sino que hay otros factores pol\u00edticos e internacionales importantes que son considerados por los actuales l\u00edderes estadounidenses\u201d.<\/p>\n<p>Abolfath dijo: \u201cSi el presidente estadounidense Joe Biden es reelegido en las pr\u00f3ximas elecciones presidenciales de noviembre, Estados Unidos probablemente tomar\u00e1 esa decisi\u00f3n, pero si Biden pierde y Donald Trump asume el cargo y al mismo tiempo vemos el avance terrestre de Rusia, Estados Unidos debe aceptar la derrota en esta guerra subsidiaria contra Rusia\u201d.<\/p>\n<p>Al final se\u00f1al\u00f3: \u201cPermitir el uso de armas estadounidenses es un alto riesgo que puede llevar a este pa\u00eds a un conflicto oficial y directo con Rusia. La estrategia militar de Rusia es que, si su existencia es amenazada, puede utilizar armas nucleares, y esta es una cuesti\u00f3n a la que los l\u00edderes estadounidenses deben prestar especial atenci\u00f3n. Sin embargo, el debilitamiento del frente ucraniano puede convencer a Estados Unidos, Europa y la OTAN a que acepten que Kiev utilice sus armas en la guerra\u201d.<\/p>\n","protected":false},"excerpt":{"rendered":"<p>Consejo Estrat\u00e9gico en l\u00ednea, entrevista: Un experto en temas internacionales dijo: \u201cCuanto m\u00e1s se debilite el frente ucraniano en la guerra con Rusia, m\u00e1s probable es que este pa\u00eds utilice armas estadounidenses y europeas para atacar el territorio ruso y las \u00e1reas actualmente ocupadas, pero tomar tal decisi\u00f3n requiere la cooperaci\u00f3n y coordinaci\u00f3n de estos pa\u00edses, especialmente Estados Unidos\u201d.<\/p>\n","protected":false},"author":2,"featured_media":295914,"comment_status":"closed","ping_status":"closed","sticky":false,"template":"","format":"standard","meta":{"_et_pb_use_builder":"","_et_pb_old_content":"","_et_gb_content_width":"","footnotes":""},"categories":[37692,37699,37703],"tags":[40558,41694,37767],"class_list":["post-295950","post","type-post","status-publish","format-standard","has-post-thumbnail","hentry","category-102-es","category-30102-es","category-10-es","tag-amir-ali-abolfath","tag-el-uso-de-armas-estadounidenses-y-europeas-para-atacar-territorio-ruso-por-parte-de-ucrania","tag-guerra-de-ucrania"],"yoast_head":"<!-- This site is optimized with the Yoast SEO plugin v28.1 - https:\/\/yoast.com\/product\/yoast-seo-wordpress\/ -->\n<title>Restricciones al uso de armas occidentales por parte de Ucrania en la guerra con Rusia - Consejo Estrat\u00e9gico de Relaciones Exteriores<\/title>\n<meta name=\"description\" content=\"Consejo Estrat\u00e9gico en l\u00ednea, entrevista: Un experto en temas internacionales dijo: \u201cCuanto m\u00e1s se debilite el frente ucraniano en la guerra con Rusia, m\u00e1s probable es que...\" \/>\n<meta name=\"robots\" content=\"index, follow, max-snippet:-1, max-image-preview:large, max-video-preview:-1\" \/>\n<link rel=\"canonical\" href=\"https:\/\/scfr.ir\/es\/102-es\/295950\/\u0645\u062d\u062f\u0648\u062f\u06cc\u062a\u0647\u0627\u06cc-\u0627\u0633\u062a\u0641\u0627\u062f\u0647-\u0627\u0648\u06a9\u0631\u0627\u06cc\u0646-\u0627\u0632-\u0633\u0644\/\" \/>\n<script type=\"application\/ld+json\" class=\"yoast-schema-graph\">{\"@context\":\"https:\\\/\\\/schema.org\",\"@graph\":[{\"@type\":\"Article\",\"@id\":\"https:\\\/\\\/scfr.ir\\\/es\\\/102-es\\\/295950\\\/%d9%85%d8%ad%d8%af%d9%88%d8%af%db%8c%d8%aa%d9%87%d8%a7%db%8c-%d8%a7%d8%b3%d8%aa%d9%81%d8%a7%d8%af%d9%87-%d8%a7%d9%88%da%a9%d8%b1%d8%a7%db%8c%d9%86-%d8%a7%d8%b2-%d8%b3%d9%84\\\/#article\",\"isPartOf\":{\"@id\":\"https:\\\/\\\/scfr.ir\\\/es\\\/102-es\\\/295950\\\/%d9%85%d8%ad%d8%af%d9%88%d8%af%db%8c%d8%aa%d9%87%d8%a7%db%8c-%d8%a7%d8%b3%d8%aa%d9%81%d8%a7%d8%af%d9%87-%d8%a7%d9%88%da%a9%d8%b1%d8%a7%db%8c%d9%86-%d8%a7%d8%b2-%d8%b3%d9%84\\\/\"},\"author\":{\"name\":\"karbalaei\",\"@id\":\"https:\\\/\\\/scfr.ir\\\/fa\\\/#\\\/schema\\\/person\\\/139f9935cca01e7f99761ca970d73f64\"},\"headline\":\"Restricciones al uso de armas occidentales por parte de Ucrania en la guerra con Rusia\",\"datePublished\":\"2024-06-02T12:53:01+00:00\",\"mainEntityOfPage\":{\"@id\":\"https:\\\/\\\/scfr.ir\\\/es\\\/102-es\\\/295950\\\/%d9%85%d8%ad%d8%af%d9%88%d8%af%db%8c%d8%aa%d9%87%d8%a7%db%8c-%d8%a7%d8%b3%d8%aa%d9%81%d8%a7%d8%af%d9%87-%d8%a7%d9%88%da%a9%d8%b1%d8%a7%db%8c%d9%86-%d8%a7%d8%b2-%d8%b3%d9%84\\\/\"},\"wordCount\":725,\"publisher\":{\"@id\":\"https:\\\/\\\/scfr.ir\\\/fa\\\/#organization\"},\"image\":{\"@id\":\"https:\\\/\\\/scfr.ir\\\/es\\\/102-es\\\/295950\\\/%d9%85%d8%ad%d8%af%d9%88%d8%af%db%8c%d8%aa%d9%87%d8%a7%db%8c-%d8%a7%d8%b3%d8%aa%d9%81%d8%a7%d8%af%d9%87-%d8%a7%d9%88%da%a9%d8%b1%d8%a7%db%8c%d9%86-%d8%a7%d8%b2-%d8%b3%d9%84\\\/#primaryimage\"},\"thumbnailUrl\":\"https:\\\/\\\/scfr.ir\\\/wp-content\\\/uploads\\\/2024\\\/06\\\/SPH_Bohdana_firing_on_russian_troops_on_the_Snake_island-864x486-c-center.jpg\",\"keywords\":[\"Amir Ali Abolfath\",\"El uso de armas estadounidenses y europeas para atacar territorio ruso por parte de Ucrania\",\"Guerra de Ucrania\"],\"articleSection\":[\"Defensa y seguridad\",\"Entrevista\",\"top news\"],\"inLanguage\":\"es\"},{\"@type\":\"WebPage\",\"@id\":\"https:\\\/\\\/scfr.ir\\\/es\\\/102-es\\\/295950\\\/%d9%85%d8%ad%d8%af%d9%88%d8%af%db%8c%d8%aa%d9%87%d8%a7%db%8c-%d8%a7%d8%b3%d8%aa%d9%81%d8%a7%d8%af%d9%87-%d8%a7%d9%88%da%a9%d8%b1%d8%a7%db%8c%d9%86-%d8%a7%d8%b2-%d8%b3%d9%84\\\/\",\"url\":\"https:\\\/\\\/scfr.ir\\\/es\\\/102-es\\\/295950\\\/%d9%85%d8%ad%d8%af%d9%88%d8%af%db%8c%d8%aa%d9%87%d8%a7%db%8c-%d8%a7%d8%b3%d8%aa%d9%81%d8%a7%d8%af%d9%87-%d8%a7%d9%88%da%a9%d8%b1%d8%a7%db%8c%d9%86-%d8%a7%d8%b2-%d8%b3%d9%84\\\/\",\"name\":\"Restricciones al uso de armas occidentales por parte de Ucrania en la guerra con Rusia - Consejo Estrat\u00e9gico de Relaciones Exteriores\",\"isPartOf\":{\"@id\":\"https:\\\/\\\/scfr.ir\\\/fa\\\/#website\"},\"primaryImageOfPage\":{\"@id\":\"https:\\\/\\\/scfr.ir\\\/es\\\/102-es\\\/295950\\\/%d9%85%d8%ad%d8%af%d9%88%d8%af%db%8c%d8%aa%d9%87%d8%a7%db%8c-%d8%a7%d8%b3%d8%aa%d9%81%d8%a7%d8%af%d9%87-%d8%a7%d9%88%da%a9%d8%b1%d8%a7%db%8c%d9%86-%d8%a7%d8%b2-%d8%b3%d9%84\\\/#primaryimage\"},\"image\":{\"@id\":\"https:\\\/\\\/scfr.ir\\\/es\\\/102-es\\\/295950\\\/%d9%85%d8%ad%d8%af%d9%88%d8%af%db%8c%d8%aa%d9%87%d8%a7%db%8c-%d8%a7%d8%b3%d8%aa%d9%81%d8%a7%d8%af%d9%87-%d8%a7%d9%88%da%a9%d8%b1%d8%a7%db%8c%d9%86-%d8%a7%d8%b2-%d8%b3%d9%84\\\/#primaryimage\"},\"thumbnailUrl\":\"https:\\\/\\\/scfr.ir\\\/wp-content\\\/uploads\\\/2024\\\/06\\\/SPH_Bohdana_firing_on_russian_troops_on_the_Snake_island-864x486-c-center.jpg\",\"datePublished\":\"2024-06-02T12:53:01+00:00\",\"description\":\"Consejo Estrat\u00e9gico en l\u00ednea, entrevista: Un experto en temas internacionales dijo: \u201cCuanto m\u00e1s se debilite el frente ucraniano en la guerra con Rusia, m\u00e1s probable es que...\",\"breadcrumb\":{\"@id\":\"https:\\\/\\\/scfr.ir\\\/es\\\/102-es\\\/295950\\\/%d9%85%d8%ad%d8%af%d9%88%d8%af%db%8c%d8%aa%d9%87%d8%a7%db%8c-%d8%a7%d8%b3%d8%aa%d9%81%d8%a7%d8%af%d9%87-%d8%a7%d9%88%da%a9%d8%b1%d8%a7%db%8c%d9%86-%d8%a7%d8%b2-%d8%b3%d9%84\\\/#breadcrumb\"},\"inLanguage\":\"es\",\"potentialAction\":[{\"@type\":\"ReadAction\",\"target\":[\"https:\\\/\\\/scfr.ir\\\/es\\\/102-es\\\/295950\\\/%d9%85%d8%ad%d8%af%d9%88%d8%af%db%8c%d8%aa%d9%87%d8%a7%db%8c-%d8%a7%d8%b3%d8%aa%d9%81%d8%a7%d8%af%d9%87-%d8%a7%d9%88%da%a9%d8%b1%d8%a7%db%8c%d9%86-%d8%a7%d8%b2-%d8%b3%d9%84\\\/\"]}]},{\"@type\":\"ImageObject\",\"inLanguage\":\"es\",\"@id\":\"https:\\\/\\\/scfr.ir\\\/es\\\/102-es\\\/295950\\\/%d9%85%d8%ad%d8%af%d9%88%d8%af%db%8c%d8%aa%d9%87%d8%a7%db%8c-%d8%a7%d8%b3%d8%aa%d9%81%d8%a7%d8%af%d9%87-%d8%a7%d9%88%da%a9%d8%b1%d8%a7%db%8c%d9%86-%d8%a7%d8%b2-%d8%b3%d9%84\\\/#primaryimage\",\"url\":\"https:\\\/\\\/scfr.ir\\\/wp-content\\\/uploads\\\/2024\\\/06\\\/SPH_Bohdana_firing_on_russian_troops_on_the_Snake_island-864x486-c-center.jpg\",\"contentUrl\":\"https:\\\/\\\/scfr.ir\\\/wp-content\\\/uploads\\\/2024\\\/06\\\/SPH_Bohdana_firing_on_russian_troops_on_the_Snake_island-864x486-c-center.jpg\",\"width\":864,\"height\":486,\"caption\":\"Self-propelled howitzer Bohdana\"},{\"@type\":\"BreadcrumbList\",\"@id\":\"https:\\\/\\\/scfr.ir\\\/es\\\/102-es\\\/295950\\\/%d9%85%d8%ad%d8%af%d9%88%d8%af%db%8c%d8%aa%d9%87%d8%a7%db%8c-%d8%a7%d8%b3%d8%aa%d9%81%d8%a7%d8%af%d9%87-%d8%a7%d9%88%da%a9%d8%b1%d8%a7%db%8c%d9%86-%d8%a7%d8%b2-%d8%b3%d9%84\\\/#breadcrumb\",\"itemListElement\":[{\"@type\":\"ListItem\",\"position\":1,\"name\":\"\",\"item\":\"https:\\\/\\\/scfr.ir\\\/es\\\/\"},{\"@type\":\"ListItem\",\"position\":2,\"name\":\"\u062f\u0641\u0627\u0639\u06cc \u0648 \u0627\u0645\u0646\u06cc\u062a\u06cc\",\"item\":\"https:\\\/\\\/scfr.ir\\\/fa\\\/category\\\/102\\\/\"},{\"@type\":\"ListItem\",\"position\":3,\"name\":\"Restricciones al uso de armas occidentales por parte de Ucrania en la guerra con Rusia\"}]},{\"@type\":\"WebSite\",\"@id\":\"https:\\\/\\\/scfr.ir\\\/fa\\\/#website\",\"url\":\"https:\\\/\\\/scfr.ir\\\/fa\\\/\",\"name\":\"\u0634\u0648\u0631\u0627\u06cc \u0631\u0627\u0647\u0628\u0631\u062f\u06cc \u0631\u0648\u0627\u0628\u0637 \u062e\u0627\u0631\u062c\u06cc\",\"description\":\"\",\"publisher\":{\"@id\":\"https:\\\/\\\/scfr.ir\\\/fa\\\/#organization\"},\"potentialAction\":[{\"@type\":\"SearchAction\",\"target\":{\"@type\":\"EntryPoint\",\"urlTemplate\":\"https:\\\/\\\/scfr.ir\\\/fa\\\/?s={search_term_string}\"},\"query-input\":{\"@type\":\"PropertyValueSpecification\",\"valueRequired\":true,\"valueName\":\"search_term_string\"}}],\"inLanguage\":\"es\"},{\"@type\":\"Organization\",\"@id\":\"https:\\\/\\\/scfr.ir\\\/fa\\\/#organization\",\"name\":\"\u0634\u0648\u0631\u0627\u06cc \u0631\u0627\u0647\u0628\u0631\u062f\u06cc \u0631\u0648\u0627\u0628\u0637 \u062e\u0627\u0631\u062c\u06cc\",\"url\":\"https:\\\/\\\/scfr.ir\\\/fa\\\/\",\"logo\":{\"@type\":\"ImageObject\",\"inLanguage\":\"es\",\"@id\":\"https:\\\/\\\/scfr.ir\\\/fa\\\/#\\\/schema\\\/logo\\\/image\\\/\",\"url\":\"https:\\\/\\\/www.scfr.ir\\\/wp-content\\\/uploads\\\/2023\\\/03\\\/Logo-Blue2.svg\",\"contentUrl\":\"https:\\\/\\\/www.scfr.ir\\\/wp-content\\\/uploads\\\/2023\\\/03\\\/Logo-Blue2.svg\",\"width\":1,\"height\":1,\"caption\":\"\u0634\u0648\u0631\u0627\u06cc \u0631\u0627\u0647\u0628\u0631\u062f\u06cc \u0631\u0648\u0627\u0628\u0637 \u062e\u0627\u0631\u062c\u06cc\"},\"image\":{\"@id\":\"https:\\\/\\\/scfr.ir\\\/fa\\\/#\\\/schema\\\/logo\\\/image\\\/\"}},{\"@type\":\"Person\",\"@id\":\"https:\\\/\\\/scfr.ir\\\/fa\\\/#\\\/schema\\\/person\\\/139f9935cca01e7f99761ca970d73f64\",\"name\":\"karbalaei\",\"sameAs\":[\"https:\\\/\\\/scfr.ir\"],\"url\":\"https:\\\/\\\/scfr.ir\\\/es\\\/author\\\/karbalaei\\\/\"}]}<\/script>\n<!-- \/ Yoast SEO plugin. -->","yoast_head_json":{"title":"Restricciones al uso de armas occidentales por parte de Ucrania en la guerra con Rusia - Consejo Estrat\u00e9gico de Relaciones Exteriores","description":"Consejo Estrat\u00e9gico en l\u00ednea, entrevista: Un experto en temas internacionales dijo: \u201cCuanto m\u00e1s se debilite el frente ucraniano en la guerra con Rusia, m\u00e1s probable es que...","robots":{"index":"index","follow":"follow","max-snippet":"max-snippet:-1","max-image-preview":"max-image-preview:large","max-video-preview":"max-video-preview:-1"},"canonical":"https:\/\/scfr.ir\/es\/102-es\/295950\/\u0645\u062d\u062f\u0648\u062f\u06cc\u062a\u0647\u0627\u06cc-\u0627\u0633\u062a\u0641\u0627\u062f\u0647-\u0627\u0648\u06a9\u0631\u0627\u06cc\u0646-\u0627\u0632-\u0633\u0644\/","schema":{"@context":"https:\/\/schema.org","@graph":[{"@type":"Article","@id":"https:\/\/scfr.ir\/es\/102-es\/295950\/%d9%85%d8%ad%d8%af%d9%88%d8%af%db%8c%d8%aa%d9%87%d8%a7%db%8c-%d8%a7%d8%b3%d8%aa%d9%81%d8%a7%d8%af%d9%87-%d8%a7%d9%88%da%a9%d8%b1%d8%a7%db%8c%d9%86-%d8%a7%d8%b2-%d8%b3%d9%84\/#article","isPartOf":{"@id":"https:\/\/scfr.ir\/es\/102-es\/295950\/%d9%85%d8%ad%d8%af%d9%88%d8%af%db%8c%d8%aa%d9%87%d8%a7%db%8c-%d8%a7%d8%b3%d8%aa%d9%81%d8%a7%d8%af%d9%87-%d8%a7%d9%88%da%a9%d8%b1%d8%a7%db%8c%d9%86-%d8%a7%d8%b2-%d8%b3%d9%84\/"},"author":{"name":"karbalaei","@id":"https:\/\/scfr.ir\/fa\/#\/schema\/person\/139f9935cca01e7f99761ca970d73f64"},"headline":"Restricciones al uso de armas occidentales por parte de Ucrania en la guerra con Rusia","datePublished":"2024-06-02T12:53:01+00:00","mainEntityOfPage":{"@id":"https:\/\/scfr.ir\/es\/102-es\/295950\/%d9%85%d8%ad%d8%af%d9%88%d8%af%db%8c%d8%aa%d9%87%d8%a7%db%8c-%d8%a7%d8%b3%d8%aa%d9%81%d8%a7%d8%af%d9%87-%d8%a7%d9%88%da%a9%d8%b1%d8%a7%db%8c%d9%86-%d8%a7%d8%b2-%d8%b3%d9%84\/"},"wordCount":725,"publisher":{"@id":"https:\/\/scfr.ir\/fa\/#organization"},"image":{"@id":"https:\/\/scfr.ir\/es\/102-es\/295950\/%d9%85%d8%ad%d8%af%d9%88%d8%af%db%8c%d8%aa%d9%87%d8%a7%db%8c-%d8%a7%d8%b3%d8%aa%d9%81%d8%a7%d8%af%d9%87-%d8%a7%d9%88%da%a9%d8%b1%d8%a7%db%8c%d9%86-%d8%a7%d8%b2-%d8%b3%d9%84\/#primaryimage"},"thumbnailUrl":"https:\/\/scfr.ir\/wp-content\/uploads\/2024\/06\/SPH_Bohdana_firing_on_russian_troops_on_the_Snake_island-864x486-c-center.jpg","keywords":["Amir Ali Abolfath","El uso de armas estadounidenses y europeas para atacar territorio ruso por parte de Ucrania","Guerra de Ucrania"],"articleSection":["Defensa y seguridad","Entrevista","top news"],"inLanguage":"es"},{"@type":"WebPage","@id":"https:\/\/scfr.ir\/es\/102-es\/295950\/%d9%85%d8%ad%d8%af%d9%88%d8%af%db%8c%d8%aa%d9%87%d8%a7%db%8c-%d8%a7%d8%b3%d8%aa%d9%81%d8%a7%d8%af%d9%87-%d8%a7%d9%88%da%a9%d8%b1%d8%a7%db%8c%d9%86-%d8%a7%d8%b2-%d8%b3%d9%84\/","url":"https:\/\/scfr.ir\/es\/102-es\/295950\/%d9%85%d8%ad%d8%af%d9%88%d8%af%db%8c%d8%aa%d9%87%d8%a7%db%8c-%d8%a7%d8%b3%d8%aa%d9%81%d8%a7%d8%af%d9%87-%d8%a7%d9%88%da%a9%d8%b1%d8%a7%db%8c%d9%86-%d8%a7%d8%b2-%d8%b3%d9%84\/","name":"Restricciones al uso de armas occidentales por parte de Ucrania en la guerra con Rusia - Consejo Estrat\u00e9gico de Relaciones Exteriores","isPartOf":{"@id":"https:\/\/scfr.ir\/fa\/#website"},"primaryImageOfPage":{"@id":"https:\/\/scfr.ir\/es\/102-es\/295950\/%d9%85%d8%ad%d8%af%d9%88%d8%af%db%8c%d8%aa%d9%87%d8%a7%db%8c-%d8%a7%d8%b3%d8%aa%d9%81%d8%a7%d8%af%d9%87-%d8%a7%d9%88%da%a9%d8%b1%d8%a7%db%8c%d9%86-%d8%a7%d8%b2-%d8%b3%d9%84\/#primaryimage"},"image":{"@id":"https:\/\/scfr.ir\/es\/102-es\/295950\/%d9%85%d8%ad%d8%af%d9%88%d8%af%db%8c%d8%aa%d9%87%d8%a7%db%8c-%d8%a7%d8%b3%d8%aa%d9%81%d8%a7%d8%af%d9%87-%d8%a7%d9%88%da%a9%d8%b1%d8%a7%db%8c%d9%86-%d8%a7%d8%b2-%d8%b3%d9%84\/#primaryimage"},"thumbnailUrl":"https:\/\/scfr.ir\/wp-content\/uploads\/2024\/06\/SPH_Bohdana_firing_on_russian_troops_on_the_Snake_island-864x486-c-center.jpg","datePublished":"2024-06-02T12:53:01+00:00","description":"Consejo Estrat\u00e9gico en l\u00ednea, entrevista: Un experto en temas internacionales dijo: \u201cCuanto m\u00e1s se debilite el frente ucraniano en la guerra con Rusia, m\u00e1s probable es que...","breadcrumb":{"@id":"https:\/\/scfr.ir\/es\/102-es\/295950\/%d9%85%d8%ad%d8%af%d9%88%d8%af%db%8c%d8%aa%d9%87%d8%a7%db%8c-%d8%a7%d8%b3%d8%aa%d9%81%d8%a7%d8%af%d9%87-%d8%a7%d9%88%da%a9%d8%b1%d8%a7%db%8c%d9%86-%d8%a7%d8%b2-%d8%b3%d9%84\/#breadcrumb"},"inLanguage":"es","potentialAction":[{"@type":"ReadAction","target":["https:\/\/scfr.ir\/es\/102-es\/295950\/%d9%85%d8%ad%d8%af%d9%88%d8%af%db%8c%d8%aa%d9%87%d8%a7%db%8c-%d8%a7%d8%b3%d8%aa%d9%81%d8%a7%d8%af%d9%87-%d8%a7%d9%88%da%a9%d8%b1%d8%a7%db%8c%d9%86-%d8%a7%d8%b2-%d8%b3%d9%84\/"]}]},{"@type":"ImageObject","inLanguage":"es","@id":"https:\/\/scfr.ir\/es\/102-es\/295950\/%d9%85%d8%ad%d8%af%d9%88%d8%af%db%8c%d8%aa%d9%87%d8%a7%db%8c-%d8%a7%d8%b3%d8%aa%d9%81%d8%a7%d8%af%d9%87-%d8%a7%d9%88%da%a9%d8%b1%d8%a7%db%8c%d9%86-%d8%a7%d8%b2-%d8%b3%d9%84\/#primaryimage","url":"https:\/\/scfr.ir\/wp-content\/uploads\/2024\/06\/SPH_Bohdana_firing_on_russian_troops_on_the_Snake_island-864x486-c-center.jpg","contentUrl":"https:\/\/scfr.ir\/wp-content\/uploads\/2024\/06\/SPH_Bohdana_firing_on_russian_troops_on_the_Snake_island-864x486-c-center.jpg","width":864,"height":486,"caption":"Self-propelled howitzer Bohdana"},{"@type":"BreadcrumbList","@id":"https:\/\/scfr.ir\/es\/102-es\/295950\/%d9%85%d8%ad%d8%af%d9%88%d8%af%db%8c%d8%aa%d9%87%d8%a7%db%8c-%d8%a7%d8%b3%d8%aa%d9%81%d8%a7%d8%af%d9%87-%d8%a7%d9%88%da%a9%d8%b1%d8%a7%db%8c%d9%86-%d8%a7%d8%b2-%d8%b3%d9%84\/#breadcrumb","itemListElement":[{"@type":"ListItem","position":1,"name":"","item":"https:\/\/scfr.ir\/es\/"},{"@type":"ListItem","position":2,"name":"\u062f\u0641\u0627\u0639\u06cc \u0648 \u0627\u0645\u0646\u06cc\u062a\u06cc","item":"https:\/\/scfr.ir\/fa\/category\/102\/"},{"@type":"ListItem","position":3,"name":"Restricciones al uso de armas occidentales por parte de Ucrania en la guerra con Rusia"}]},{"@type":"WebSite","@id":"https:\/\/scfr.ir\/fa\/#website","url":"https:\/\/scfr.ir\/fa\/","name":"\u0634\u0648\u0631\u0627\u06cc \u0631\u0627\u0647\u0628\u0631\u062f\u06cc \u0631\u0648\u0627\u0628\u0637 \u062e\u0627\u0631\u062c\u06cc","description":"","publisher":{"@id":"https:\/\/scfr.ir\/fa\/#organization"},"potentialAction":[{"@type":"SearchAction","target":{"@type":"EntryPoint","urlTemplate":"https:\/\/scfr.ir\/fa\/?s={search_term_string}"},"query-input":{"@type":"PropertyValueSpecification","valueRequired":true,"valueName":"search_term_string"}}],"inLanguage":"es"},{"@type":"Organization","@id":"https:\/\/scfr.ir\/fa\/#organization","name":"\u0634\u0648\u0631\u0627\u06cc \u0631\u0627\u0647\u0628\u0631\u062f\u06cc \u0631\u0648\u0627\u0628\u0637 \u062e\u0627\u0631\u062c\u06cc","url":"https:\/\/scfr.ir\/fa\/","logo":{"@type":"ImageObject","inLanguage":"es","@id":"https:\/\/scfr.ir\/fa\/#\/schema\/logo\/image\/","url":"https:\/\/www.scfr.ir\/wp-content\/uploads\/2023\/03\/Logo-Blue2.svg","contentUrl":"https:\/\/www.scfr.ir\/wp-content\/uploads\/2023\/03\/Logo-Blue2.svg","width":1,"height":1,"caption":"\u0634\u0648\u0631\u0627\u06cc \u0631\u0627\u0647\u0628\u0631\u062f\u06cc \u0631\u0648\u0627\u0628\u0637 \u062e\u0627\u0631\u062c\u06cc"},"image":{"@id":"https:\/\/scfr.ir\/fa\/#\/schema\/logo\/image\/"}},{"@type":"Person","@id":"https:\/\/scfr.ir\/fa\/#\/schema\/person\/139f9935cca01e7f99761ca970d73f64","name":"karbalaei","sameAs":["https:\/\/scfr.ir"],"url":"https:\/\/scfr.ir\/es\/author\/karbalaei\/"}]}},"_links":{"self":[{"href":"https:\/\/scfr.ir\/es\/wp-json\/wp\/v2\/posts\/295950","targetHints":{"allow":["GET"]}}],"collection":[{"href":"https:\/\/scfr.ir\/es\/wp-json\/wp\/v2\/posts"}],"about":[{"href":"https:\/\/scfr.ir\/es\/wp-json\/wp\/v2\/types\/post"}],"author":[{"embeddable":true,"href":"https:\/\/scfr.ir\/es\/wp-json\/wp\/v2\/users\/2"}],"replies":[{"embeddable":true,"href":"https:\/\/scfr.ir\/es\/wp-json\/wp\/v2\/comments?post=295950"}],"version-history":[{"count":0,"href":"https:\/\/scfr.ir\/es\/wp-json\/wp\/v2\/posts\/295950\/revisions"}],"wp:featuredmedia":[{"embeddable":true,"href":"https:\/\/scfr.ir\/es\/wp-json\/wp\/v2\/media\/295914"}],"wp:attachment":[{"href":"https:\/\/scfr.ir\/es\/wp-json\/wp\/v2\/media?parent=295950"}],"wp:term":[{"taxonomy":"category","embeddable":true,"href":"https:\/\/scfr.ir\/es\/wp-json\/wp\/v2\/categories?post=295950"},{"taxonomy":"post_tag","embeddable":true,"href":"https:\/\/scfr.ir\/es\/wp-json\/wp\/v2\/tags?post=295950"}],"curies":[{"name":"wp","href":"https:\/\/api.w.org\/{rel}","templated":true}]}}