{"id":345009,"date":"2025-07-26T10:43:02","date_gmt":"2025-07-26T07:13:02","guid":{"rendered":"https:\/\/www.scfr.ir\/sin-categorizar\/345009\/analisis-de-las-diferentes-dimensiones-del-desarme-del-pkk\/"},"modified":"2025-07-26T10:43:02","modified_gmt":"2025-07-26T07:13:02","slug":"analisis-de-las-diferentes-dimensiones-del-desarme-del-pkk","status":"publish","type":"post","link":"https:\/\/scfr.ir\/es\/103-es\/345009\/analisis-de-las-diferentes-dimensiones-del-desarme-del-pkk\/","title":{"rendered":"An\u00e1lisis de las diferentes dimensiones del desarme del PKK"},"content":{"rendered":"<p><strong>Mohammad Mehdi Maleki &#8211; Experto en asuntos regionales<\/strong><\/p>\n<p>En otra ceremonia similar, varios miembros del PKK destruyeron sus armas en la cueva de Jasna, en Suleimaniya, ante la presencia de invitados y pol\u00edticos turcos y kurdos.<\/p>\n<p>Seg\u00fan Devlet Bah\u00e7eli, l\u00edder del Partido de Acci\u00f3n Nacionalista de Turqu\u00eda (MHP), hasta esta etapa del proceso de desarme y en el marco de continuas y m\u00faltiples conversaciones, \u00d6calan, l\u00edder y fundador del PKK, ha cumplido sus compromisos con sinceridad y ha comprendido oportunamente las amenazas regionales e internacionales.<\/p>\n<p>En la evaluaci\u00f3n general del proceso, que a\u00fan podr\u00eda tardar en llegar a resultados concretos, las autoridades turcas tambi\u00e9n han demostrado una actitud positiva en este sentido. Si bien los pasos dados por ambas partes han sido limitados en escala, han ejercido una influencia considerable.<\/p>\n<p>Respecto a las razones que han llevado al gobierno turco a priorizar la paz y el reconocimiento del rol de la comunidad kurda en el pa\u00eds, aunque existen m\u00faltiples factores, destacan dos argumentos principales: por un lado, la necesidad del actual gobierno de reforzar su base pol\u00edtica mediante una mayor cercan\u00eda con los kurdos; por otro, los cambios recientes en el escenario regional, especialmente en Siria, cuyo norte y este est\u00e1n bajo control de las Fuerzas Democr\u00e1ticas Sirias (FDS), estrechamente vinculadas al PKK.<\/p>\n<p>En este contexto, debe se\u00f1alarse claramente que la principal preocupaci\u00f3n de las autoridades de Ankara ha sido el acercamiento entre Qamishli y Tel Aviv. De materializarse esta alianza, podr\u00eda inclinar la balanza de influencia del r\u00e9gimen israel\u00ed en Siria en comparaci\u00f3n con Turqu\u00eda.<\/p>\n<p>Sin embargo, a\u00fan queda por esperar y ver hasta qu\u00e9 punto el proceso hist\u00f3rico iniciado por Turqu\u00eda y las fuerzas conocidas como el PKK, recientemente renombradas como el grupo \u201cReconciliaci\u00f3n y Sociedad Democr\u00e1tica\u201d, podr\u00e1 adquirir dimensiones m\u00e1s solidas en la b\u00fasqueda de una paz duradera y una sociedad democr\u00e1tica. Adem\u00e1s, es necesario responder de manera clara y fundamentada a preguntas cruciales: \u00bfEl desarme del PKK abarcar\u00e1 tambi\u00e9n a sus dem\u00e1s ramas? \u00bfEsta paz y desarme implicar\u00e1n el fin de las actividades y de la estrategia armada para todos los sectores vinculados, o podr\u00edan incrementar el militarismo del YPG en Siria y del PJAK en las zonas fronterizas de Ir\u00e1n e Irak?<\/p>\n<p>Asimismo, el an\u00e1lisis del historial del PKK, tambi\u00e9n genera dudas sobre el futuro de este proceso, por lo que habr\u00e1 que observar hasta qu\u00e9 punto este grupo podr\u00eda cumplir sus compromisos.<\/p>\n<p>Otro punto a destacar es que los subgrupos del PKK han cometido numerosas violaciones de derechos humanos contra sus propios miembros y sus familias, lo que contradice todas las convenciones internacionales de derechos humanos y principios fundamentales de derecho internacional. Dada la importancia de este asunto, es esencial abordarlo en el marco del proceso de \u00abPaz y Sociedad Democr\u00e1tica\u00bb y sus amplias dimensiones. Aquellos cuyos derechos han sido violados mediante el uso de la fuerza y la violencia, especialmente ni\u00f1os (menores de 18 a\u00f1os) y mujeres, as\u00ed como otros miembros de estas organizaciones, deben recuperar sus derechos leg\u00edtimos y quienes hayan abusado de su posici\u00f3n para violar estos derechos deben ser juzgados y rendir cuentas ante los tribunales.<\/p>\n<p>Durante estos a\u00f1os, los l\u00edderes de las distintas ramas del PKK han utilizado como excusa la defensa de los derechos kurdos para reclutar a adolescentes y j\u00f3venes mediante amenazas, enga\u00f1os e incluso secuestros. Estos j\u00f3venes fueron enviados a luchar en conflictos ajenos, y muchos de ellos perdieron la vida, mientras los dirigentes se refugiaban c\u00f3modamente en pa\u00edses europeos. Esto es un hecho que no debe ser ignorado.<\/p>\n<p>En los \u00faltimos a\u00f1os, las familias de las v\u00edctimas de violaciones de derechos humanos por parte de estos grupos, especialmente el PJAK (rama iran\u00ed del PKK), han presentado denuncias como querellantes privados contra los l\u00edderes de los grupos mencionados y esperan que, con el inicio del proceso de desarme por parte del PKK y con las condiciones necesarias proporcionadas por parte del gobierno turco, estas familias albergan la esperanza de recuperar a sus seres queridos\u00a0 y restituir derechos que durante mucho tiempo parecieron inalcanzables. Estos individuos, privados incluso de la posibilidad de comunicarse con sus familias o disponer de un tel\u00e9fono m\u00f3vil, fueron sometidos a entrenamientos militares y obligados a abandonar su vida pasada.<\/p>\n<p>Del mismo modo, es necesario incluir en este proceso, las facilidades y medidas necesarias para el \u00abretorno seguro de los miembros del PKK y su reintegraci\u00f3n en su nueva vida\u00bb, de modo que este mecanismo tambi\u00e9n funcione en el \u00e1mbito de las reformas de derechos humanos.<\/p>\n<p>Finalmente, est\u00e1 claro que, dada el papel y la influencia geopol\u00edtica del PKK a nivel regional e internacional, resulta imposible ignorar el papel de potencias\u00a0 mundiales como Estados Unidos, Rusia y Francia en la implementaci\u00f3n de este proceso. Con el tiempo, se ver\u00e1 qu\u00e9 funci\u00f3n planean asignarle las potencias mencionadas para el PKK: \u00bfSe convertir\u00e1 este grupo de una herramienta militar en una herramienta de inteligencia o pol\u00edtica al servicio de Estados Unidos o incluso de Turqu\u00eda? El transcurso del tiempo ir\u00e1 revelando los aspectos m\u00e1s complejos- y a\u00fan difusos- de este proceso.<\/p>\n","protected":false},"excerpt":{"rendered":"<p>Consejo Estrat\u00e9gico en L\u00ednea \u2013 Nota: El viernes 20 de Tir de 1403, correspondiente al 11 de julio de 2025, marca un punto de inflexi\u00f3n en la historia de los acontecimientos regionales, ya que finalmente se llev\u00f3 a cabo el proceso de desarme de las fuerzas del PKK, tras el llama-miento y mensaje en video de su l\u00edder encarcelado (Apo), Abdullah \u00d6calan (quien ha estado en prisi\u00f3n cerca de Estambul durante m\u00e1s de veintis\u00e9is a\u00f1os). En una ceremonia simb\u00f3lica en Su-leimaniya, 15 combatientes mujeres y 15 combatientes hombres destruyeron sus armas prendi\u00e9ndoles fuego.<\/p>\n","protected":false},"author":5,"featured_media":344923,"comment_status":"closed","ping_status":"closed","sticky":false,"template":"","format":"standard","meta":{"_et_pb_use_builder":"","_et_pb_old_content":"","_et_gb_content_width":"","footnotes":""},"categories":[37694,37700,37703],"tags":[43212,43215,42687,43213,43214,37863],"class_list":["post-345009","post","type-post","status-publish","format-standard","has-post-thumbnail","hentry","category-103-es","category-30101-es","category-10-es","tag-abdullah-ocalan-es","tag-desarme-del-pkk","tag-mohammad-mehdi-maleki","tag-partido-de-los-trabajadores-del-kurdistan-pkk","tag-pkk-es-2","tag-turquia"],"yoast_head":"<!-- This site is optimized with the Yoast SEO plugin v28.1 - https:\/\/yoast.com\/product\/yoast-seo-wordpress\/ -->\n<title>An\u00e1lisis de las diferentes dimensiones del desarme del PKK - Consejo Estrat\u00e9gico de Relaciones Exteriores<\/title>\n<meta name=\"robots\" content=\"index, follow, max-snippet:-1, max-image-preview:large, max-video-preview:-1\" \/>\n<link rel=\"canonical\" href=\"https:\/\/scfr.ir\/es\/103-es\/345009\/analisis-de-las-diferentes-dimensiones-del-desarme-del-pkk\/\" \/>\n<script type=\"application\/ld+json\" class=\"yoast-schema-graph\">{\"@context\":\"https:\\\/\\\/schema.org\",\"@graph\":[{\"@type\":\"Article\",\"@id\":\"https:\\\/\\\/scfr.ir\\\/es\\\/103-es\\\/345009\\\/analisis-de-las-diferentes-dimensiones-del-desarme-del-pkk\\\/#article\",\"isPartOf\":{\"@id\":\"https:\\\/\\\/scfr.ir\\\/es\\\/103-es\\\/345009\\\/analisis-de-las-diferentes-dimensiones-del-desarme-del-pkk\\\/\"},\"author\":{\"name\":\"\u062c\u0648\u0627\u062f \u0645\u062f\u062f\u06cc\",\"@id\":\"https:\\\/\\\/scfr.ir\\\/fa\\\/#\\\/schema\\\/person\\\/35df72a1a82f18cf1cb487d0c5afdb26\"},\"headline\":\"An\u00e1lisis de las diferentes dimensiones del desarme del PKK\",\"datePublished\":\"2025-07-26T07:13:02+00:00\",\"mainEntityOfPage\":{\"@id\":\"https:\\\/\\\/scfr.ir\\\/es\\\/103-es\\\/345009\\\/analisis-de-las-diferentes-dimensiones-del-desarme-del-pkk\\\/\"},\"wordCount\":912,\"publisher\":{\"@id\":\"https:\\\/\\\/scfr.ir\\\/fa\\\/#organization\"},\"image\":{\"@id\":\"https:\\\/\\\/scfr.ir\\\/es\\\/103-es\\\/345009\\\/analisis-de-las-diferentes-dimensiones-del-desarme-del-pkk\\\/#primaryimage\"},\"thumbnailUrl\":\"https:\\\/\\\/scfr.ir\\\/wp-content\\\/uploads\\\/2025\\\/07\\\/259452.jpg\",\"keywords\":[\"Abdullah \u00d6calan\",\"Desarme del PKK\",\"Mohammad Mehdi Maleki\",\"Partido de los Trabajadores del Kurdist\u00e1n (PKK)\",\"PKK\",\"Turqu\u00eda\"],\"articleSection\":[\"Pol\u00edtica\",\"Texto argumentativo\",\"top news\"],\"inLanguage\":\"es\"},{\"@type\":\"WebPage\",\"@id\":\"https:\\\/\\\/scfr.ir\\\/es\\\/103-es\\\/345009\\\/analisis-de-las-diferentes-dimensiones-del-desarme-del-pkk\\\/\",\"url\":\"https:\\\/\\\/scfr.ir\\\/es\\\/103-es\\\/345009\\\/analisis-de-las-diferentes-dimensiones-del-desarme-del-pkk\\\/\",\"name\":\"An\u00e1lisis de las diferentes dimensiones del desarme del PKK - Consejo Estrat\u00e9gico de Relaciones Exteriores\",\"isPartOf\":{\"@id\":\"https:\\\/\\\/scfr.ir\\\/fa\\\/#website\"},\"primaryImageOfPage\":{\"@id\":\"https:\\\/\\\/scfr.ir\\\/es\\\/103-es\\\/345009\\\/analisis-de-las-diferentes-dimensiones-del-desarme-del-pkk\\\/#primaryimage\"},\"image\":{\"@id\":\"https:\\\/\\\/scfr.ir\\\/es\\\/103-es\\\/345009\\\/analisis-de-las-diferentes-dimensiones-del-desarme-del-pkk\\\/#primaryimage\"},\"thumbnailUrl\":\"https:\\\/\\\/scfr.ir\\\/wp-content\\\/uploads\\\/2025\\\/07\\\/259452.jpg\",\"datePublished\":\"2025-07-26T07:13:02+00:00\",\"breadcrumb\":{\"@id\":\"https:\\\/\\\/scfr.ir\\\/es\\\/103-es\\\/345009\\\/analisis-de-las-diferentes-dimensiones-del-desarme-del-pkk\\\/#breadcrumb\"},\"inLanguage\":\"es\",\"potentialAction\":[{\"@type\":\"ReadAction\",\"target\":[\"https:\\\/\\\/scfr.ir\\\/es\\\/103-es\\\/345009\\\/analisis-de-las-diferentes-dimensiones-del-desarme-del-pkk\\\/\"]}]},{\"@type\":\"ImageObject\",\"inLanguage\":\"es\",\"@id\":\"https:\\\/\\\/scfr.ir\\\/es\\\/103-es\\\/345009\\\/analisis-de-las-diferentes-dimensiones-del-desarme-del-pkk\\\/#primaryimage\",\"url\":\"https:\\\/\\\/scfr.ir\\\/wp-content\\\/uploads\\\/2025\\\/07\\\/259452.jpg\",\"contentUrl\":\"https:\\\/\\\/scfr.ir\\\/wp-content\\\/uploads\\\/2025\\\/07\\\/259452.jpg\",\"width\":690,\"height\":390},{\"@type\":\"BreadcrumbList\",\"@id\":\"https:\\\/\\\/scfr.ir\\\/es\\\/103-es\\\/345009\\\/analisis-de-las-diferentes-dimensiones-del-desarme-del-pkk\\\/#breadcrumb\",\"itemListElement\":[{\"@type\":\"ListItem\",\"position\":1,\"name\":\"\",\"item\":\"https:\\\/\\\/scfr.ir\\\/es\\\/\"},{\"@type\":\"ListItem\",\"position\":2,\"name\":\"\u0646\u0645\u0627\u06cc \u0631\u0627\u0647\u0628\u0631\u062f\u06cc\",\"item\":\"https:\\\/\\\/scfr.ir\\\/fa\\\/category\\\/300\\\/\"},{\"@type\":\"ListItem\",\"position\":3,\"name\":\"\u06cc\u0627\u062f\u062f\u0627\u0634\u062a\",\"item\":\"https:\\\/\\\/scfr.ir\\\/fa\\\/category\\\/300\\\/30101\\\/\"},{\"@type\":\"ListItem\",\"position\":4,\"name\":\"An\u00e1lisis de las diferentes dimensiones del desarme del PKK\"}]},{\"@type\":\"WebSite\",\"@id\":\"https:\\\/\\\/scfr.ir\\\/fa\\\/#website\",\"url\":\"https:\\\/\\\/scfr.ir\\\/fa\\\/\",\"name\":\"\u0634\u0648\u0631\u0627\u06cc \u0631\u0627\u0647\u0628\u0631\u062f\u06cc \u0631\u0648\u0627\u0628\u0637 \u062e\u0627\u0631\u062c\u06cc\",\"description\":\"\",\"publisher\":{\"@id\":\"https:\\\/\\\/scfr.ir\\\/fa\\\/#organization\"},\"potentialAction\":[{\"@type\":\"SearchAction\",\"target\":{\"@type\":\"EntryPoint\",\"urlTemplate\":\"https:\\\/\\\/scfr.ir\\\/fa\\\/?s={search_term_string}\"},\"query-input\":{\"@type\":\"PropertyValueSpecification\",\"valueRequired\":true,\"valueName\":\"search_term_string\"}}],\"inLanguage\":\"es\"},{\"@type\":\"Organization\",\"@id\":\"https:\\\/\\\/scfr.ir\\\/fa\\\/#organization\",\"name\":\"\u0634\u0648\u0631\u0627\u06cc \u0631\u0627\u0647\u0628\u0631\u062f\u06cc \u0631\u0648\u0627\u0628\u0637 \u062e\u0627\u0631\u062c\u06cc\",\"url\":\"https:\\\/\\\/scfr.ir\\\/fa\\\/\",\"logo\":{\"@type\":\"ImageObject\",\"inLanguage\":\"es\",\"@id\":\"https:\\\/\\\/scfr.ir\\\/fa\\\/#\\\/schema\\\/logo\\\/image\\\/\",\"url\":\"https:\\\/\\\/www.scfr.ir\\\/wp-content\\\/uploads\\\/2023\\\/03\\\/Logo-Blue2.svg\",\"contentUrl\":\"https:\\\/\\\/www.scfr.ir\\\/wp-content\\\/uploads\\\/2023\\\/03\\\/Logo-Blue2.svg\",\"width\":1,\"height\":1,\"caption\":\"\u0634\u0648\u0631\u0627\u06cc \u0631\u0627\u0647\u0628\u0631\u062f\u06cc \u0631\u0648\u0627\u0628\u0637 \u062e\u0627\u0631\u062c\u06cc\"},\"image\":{\"@id\":\"https:\\\/\\\/scfr.ir\\\/fa\\\/#\\\/schema\\\/logo\\\/image\\\/\"}},{\"@type\":\"Person\",\"@id\":\"https:\\\/\\\/scfr.ir\\\/fa\\\/#\\\/schema\\\/person\\\/35df72a1a82f18cf1cb487d0c5afdb26\",\"name\":\"\u062c\u0648\u0627\u062f \u0645\u062f\u062f\u06cc\",\"url\":\"https:\\\/\\\/scfr.ir\\\/es\\\/author\\\/madadi\\\/\"}]}<\/script>\n<!-- \/ Yoast SEO plugin. -->","yoast_head_json":{"title":"An\u00e1lisis de las diferentes dimensiones del desarme del PKK - Consejo Estrat\u00e9gico de Relaciones Exteriores","robots":{"index":"index","follow":"follow","max-snippet":"max-snippet:-1","max-image-preview":"max-image-preview:large","max-video-preview":"max-video-preview:-1"},"canonical":"https:\/\/scfr.ir\/es\/103-es\/345009\/analisis-de-las-diferentes-dimensiones-del-desarme-del-pkk\/","schema":{"@context":"https:\/\/schema.org","@graph":[{"@type":"Article","@id":"https:\/\/scfr.ir\/es\/103-es\/345009\/analisis-de-las-diferentes-dimensiones-del-desarme-del-pkk\/#article","isPartOf":{"@id":"https:\/\/scfr.ir\/es\/103-es\/345009\/analisis-de-las-diferentes-dimensiones-del-desarme-del-pkk\/"},"author":{"name":"\u062c\u0648\u0627\u062f \u0645\u062f\u062f\u06cc","@id":"https:\/\/scfr.ir\/fa\/#\/schema\/person\/35df72a1a82f18cf1cb487d0c5afdb26"},"headline":"An\u00e1lisis de las diferentes dimensiones del desarme del PKK","datePublished":"2025-07-26T07:13:02+00:00","mainEntityOfPage":{"@id":"https:\/\/scfr.ir\/es\/103-es\/345009\/analisis-de-las-diferentes-dimensiones-del-desarme-del-pkk\/"},"wordCount":912,"publisher":{"@id":"https:\/\/scfr.ir\/fa\/#organization"},"image":{"@id":"https:\/\/scfr.ir\/es\/103-es\/345009\/analisis-de-las-diferentes-dimensiones-del-desarme-del-pkk\/#primaryimage"},"thumbnailUrl":"https:\/\/scfr.ir\/wp-content\/uploads\/2025\/07\/259452.jpg","keywords":["Abdullah \u00d6calan","Desarme del PKK","Mohammad Mehdi Maleki","Partido de los Trabajadores del Kurdist\u00e1n (PKK)","PKK","Turqu\u00eda"],"articleSection":["Pol\u00edtica","Texto argumentativo","top news"],"inLanguage":"es"},{"@type":"WebPage","@id":"https:\/\/scfr.ir\/es\/103-es\/345009\/analisis-de-las-diferentes-dimensiones-del-desarme-del-pkk\/","url":"https:\/\/scfr.ir\/es\/103-es\/345009\/analisis-de-las-diferentes-dimensiones-del-desarme-del-pkk\/","name":"An\u00e1lisis de las diferentes dimensiones del desarme del PKK - Consejo Estrat\u00e9gico de Relaciones Exteriores","isPartOf":{"@id":"https:\/\/scfr.ir\/fa\/#website"},"primaryImageOfPage":{"@id":"https:\/\/scfr.ir\/es\/103-es\/345009\/analisis-de-las-diferentes-dimensiones-del-desarme-del-pkk\/#primaryimage"},"image":{"@id":"https:\/\/scfr.ir\/es\/103-es\/345009\/analisis-de-las-diferentes-dimensiones-del-desarme-del-pkk\/#primaryimage"},"thumbnailUrl":"https:\/\/scfr.ir\/wp-content\/uploads\/2025\/07\/259452.jpg","datePublished":"2025-07-26T07:13:02+00:00","breadcrumb":{"@id":"https:\/\/scfr.ir\/es\/103-es\/345009\/analisis-de-las-diferentes-dimensiones-del-desarme-del-pkk\/#breadcrumb"},"inLanguage":"es","potentialAction":[{"@type":"ReadAction","target":["https:\/\/scfr.ir\/es\/103-es\/345009\/analisis-de-las-diferentes-dimensiones-del-desarme-del-pkk\/"]}]},{"@type":"ImageObject","inLanguage":"es","@id":"https:\/\/scfr.ir\/es\/103-es\/345009\/analisis-de-las-diferentes-dimensiones-del-desarme-del-pkk\/#primaryimage","url":"https:\/\/scfr.ir\/wp-content\/uploads\/2025\/07\/259452.jpg","contentUrl":"https:\/\/scfr.ir\/wp-content\/uploads\/2025\/07\/259452.jpg","width":690,"height":390},{"@type":"BreadcrumbList","@id":"https:\/\/scfr.ir\/es\/103-es\/345009\/analisis-de-las-diferentes-dimensiones-del-desarme-del-pkk\/#breadcrumb","itemListElement":[{"@type":"ListItem","position":1,"name":"","item":"https:\/\/scfr.ir\/es\/"},{"@type":"ListItem","position":2,"name":"\u0646\u0645\u0627\u06cc \u0631\u0627\u0647\u0628\u0631\u062f\u06cc","item":"https:\/\/scfr.ir\/fa\/category\/300\/"},{"@type":"ListItem","position":3,"name":"\u06cc\u0627\u062f\u062f\u0627\u0634\u062a","item":"https:\/\/scfr.ir\/fa\/category\/300\/30101\/"},{"@type":"ListItem","position":4,"name":"An\u00e1lisis de las diferentes dimensiones del desarme del PKK"}]},{"@type":"WebSite","@id":"https:\/\/scfr.ir\/fa\/#website","url":"https:\/\/scfr.ir\/fa\/","name":"\u0634\u0648\u0631\u0627\u06cc \u0631\u0627\u0647\u0628\u0631\u062f\u06cc \u0631\u0648\u0627\u0628\u0637 \u062e\u0627\u0631\u062c\u06cc","description":"","publisher":{"@id":"https:\/\/scfr.ir\/fa\/#organization"},"potentialAction":[{"@type":"SearchAction","target":{"@type":"EntryPoint","urlTemplate":"https:\/\/scfr.ir\/fa\/?s={search_term_string}"},"query-input":{"@type":"PropertyValueSpecification","valueRequired":true,"valueName":"search_term_string"}}],"inLanguage":"es"},{"@type":"Organization","@id":"https:\/\/scfr.ir\/fa\/#organization","name":"\u0634\u0648\u0631\u0627\u06cc \u0631\u0627\u0647\u0628\u0631\u062f\u06cc \u0631\u0648\u0627\u0628\u0637 \u062e\u0627\u0631\u062c\u06cc","url":"https:\/\/scfr.ir\/fa\/","logo":{"@type":"ImageObject","inLanguage":"es","@id":"https:\/\/scfr.ir\/fa\/#\/schema\/logo\/image\/","url":"https:\/\/www.scfr.ir\/wp-content\/uploads\/2023\/03\/Logo-Blue2.svg","contentUrl":"https:\/\/www.scfr.ir\/wp-content\/uploads\/2023\/03\/Logo-Blue2.svg","width":1,"height":1,"caption":"\u0634\u0648\u0631\u0627\u06cc \u0631\u0627\u0647\u0628\u0631\u062f\u06cc \u0631\u0648\u0627\u0628\u0637 \u062e\u0627\u0631\u062c\u06cc"},"image":{"@id":"https:\/\/scfr.ir\/fa\/#\/schema\/logo\/image\/"}},{"@type":"Person","@id":"https:\/\/scfr.ir\/fa\/#\/schema\/person\/35df72a1a82f18cf1cb487d0c5afdb26","name":"\u062c\u0648\u0627\u062f \u0645\u062f\u062f\u06cc","url":"https:\/\/scfr.ir\/es\/author\/madadi\/"}]}},"_links":{"self":[{"href":"https:\/\/scfr.ir\/es\/wp-json\/wp\/v2\/posts\/345009","targetHints":{"allow":["GET"]}}],"collection":[{"href":"https:\/\/scfr.ir\/es\/wp-json\/wp\/v2\/posts"}],"about":[{"href":"https:\/\/scfr.ir\/es\/wp-json\/wp\/v2\/types\/post"}],"author":[{"embeddable":true,"href":"https:\/\/scfr.ir\/es\/wp-json\/wp\/v2\/users\/5"}],"replies":[{"embeddable":true,"href":"https:\/\/scfr.ir\/es\/wp-json\/wp\/v2\/comments?post=345009"}],"version-history":[{"count":0,"href":"https:\/\/scfr.ir\/es\/wp-json\/wp\/v2\/posts\/345009\/revisions"}],"wp:featuredmedia":[{"embeddable":true,"href":"https:\/\/scfr.ir\/es\/wp-json\/wp\/v2\/media\/344923"}],"wp:attachment":[{"href":"https:\/\/scfr.ir\/es\/wp-json\/wp\/v2\/media?parent=345009"}],"wp:term":[{"taxonomy":"category","embeddable":true,"href":"https:\/\/scfr.ir\/es\/wp-json\/wp\/v2\/categories?post=345009"},{"taxonomy":"post_tag","embeddable":true,"href":"https:\/\/scfr.ir\/es\/wp-json\/wp\/v2\/tags?post=345009"}],"curies":[{"name":"wp","href":"https:\/\/api.w.org\/{rel}","templated":true}]}}